{"id":45767,"date":"2021-07-13T09:20:19","date_gmt":"2021-07-13T13:20:19","guid":{"rendered":"https:\/\/web.molina.cl\/?p=45767"},"modified":"2021-07-13T09:25:23","modified_gmt":"2021-07-13T13:25:23","slug":"buscas-panorama-radal-siete-tazas-abre-sus-puertas","status":"publish","type":"post","link":"https:\/\/web.molina.cl\/?p=45767","title":{"rendered":"\u00bfBuscas Panorama? \u00a1Radal Siete Tazas abre sus puertas!"},"content":{"rendered":"\n<p><p align=\"justify\"><em><strong>Aire fresco, fauna nativa, vegetaci\u00f3n frondosa y una de las ca\u00eddas de agua m\u00e1s impresionantes de Chile y el mundo. Esto y m\u00e1s es lo que se puede encontrar al visitar el Parque Nacional Radal Siete Tazas, en Molina.<\/strong><\/em><\/p><\/p>\n\n\n\n<p><p align=\"justify\">Tras meses de inactividad, el recinto abre sus puertas para que los turistas puedan disfrutar de la serie de atractivos que ofrece la pre-cordillera molinense a quienes escapan de la rutina urbana para fundirse con el entorno.<\/p><\/p>\n\n\n\n<p><p align=\"justify\">Sin embargo, la forma de ingreso cambi\u00f3 radicalmente, puesto que ahora la entrada se cancela \u00fanicamente a trav\u00e9s de Internet en el sitio web <a href=\"http:\/\/www.aspticket.cl\">www.aspticket.cl<\/a>, una plataforma dispuesta por Conaf que permite diversos medios de pago y planificar el viaje de forma segura. En contraste, se eliminaron las cajas f\u00edsicas que antes estaban en el punto de acceso.<\/p><\/p>\n\n\n\n<p><strong>MEDIDAS DE HIGIENE Y SEGURIDAD<\/strong><\/p>\n\n\n\n<p><p align=\"justify\">Pese al entusiasmo que puede haber por disfrutar de esta verdadera maravilla de la naturaleza, siempre es bueno tener presente las medidas sanitarias que todos deben cumplir al interior del Parque Nacional.<\/p><\/p>\n\n\n\n<p><p align=\"justify\">Es necesario portar mascarilla en todo momento, mantener un distanciamiento f\u00edsico de 1 metro entre personas, lavar las manos regularmente con agua y jab\u00f3n (o con alcohol gel), evitar contacto con una superficie de uso p\u00fablico (de no ser posible, lavarse las manos tras hacerlo), respetar el aforo en los equipamientos de uso p\u00fablico (senderos, \u00e1reas recreativas, estacionamientos, etc.), cubrir su antebrazo o utilizar un pa\u00f1uelo desechable al toser y estornudar; entre otras disposiciones.<\/p><\/p>\n\n\n\n<p><p align=\"justify\">Tambi\u00e9n, es importante recordar que, al interior de la reserva, est\u00e1 estrictamente prohibido hacer fuego en cualquier circunstancia, se debe llevar la basura fuera de la unidad visitada, no se puede alimentar a los animales silvestres como tampoco llevar mascotas, acampar solo en lugares especialmente autorizados, caminar \u00fanicamente por las rutas se\u00f1alizadas (de preferencia, acompa\u00f1ado), registrarse en las estaciones de guardaparques y seguir las instrucciones que \u00e9stos emanen.<\/p><\/p>\n\n\n\n<p><strong>MARAVILLAS NATURALES<\/strong><\/p>\n\n\n\n<div><a href=\"https:\/\/web.molina.cl\/wp-content\/uploads\/2021\/07\/velo-de-la-novia-1024x768.jpg\" class=\"td-modal-image\"><figure class=\"wp-block-image size-large td-caption-align-https:\/\/web.molina.cl\/wp-content\/uploads\/2021\/07\/velo-de-la-novia.jpg\"><img loading=\"lazy\" decoding=\"async\" width=\"1024\" height=\"768\" src=\"https:\/\/web.molina.cl\/wp-content\/uploads\/2021\/07\/velo-de-la-novia-1024x768.jpg\" alt=\"\" class=\"wp-image-45769\" srcset=\"https:\/\/web.molina.cl\/wp-content\/uploads\/2021\/07\/velo-de-la-novia-1024x768.jpg 1024w, https:\/\/web.molina.cl\/wp-content\/uploads\/2021\/07\/velo-de-la-novia-300x225.jpg 300w, https:\/\/web.molina.cl\/wp-content\/uploads\/2021\/07\/velo-de-la-novia-768x576.jpg 768w, https:\/\/web.molina.cl\/wp-content\/uploads\/2021\/07\/velo-de-la-novia-696x522.jpg 696w, https:\/\/web.molina.cl\/wp-content\/uploads\/2021\/07\/velo-de-la-novia-1068x801.jpg 1068w, https:\/\/web.molina.cl\/wp-content\/uploads\/2021\/07\/velo-de-la-novia-560x420.jpg 560w, https:\/\/web.molina.cl\/wp-content\/uploads\/2021\/07\/velo-de-la-novia-80x60.jpg 80w, https:\/\/web.molina.cl\/wp-content\/uploads\/2021\/07\/velo-de-la-novia-265x198.jpg 265w, https:\/\/web.molina.cl\/wp-content\/uploads\/2021\/07\/velo-de-la-novia.jpg 1200w\" sizes=\"(max-width: 1024px) 100vw, 1024px\" \/><figcaption>Salto del Velo de la Novia &#8211; Parque Nacional Radal 7 Tazas<\/figcaption><\/figure><\/a><\/div>\n\n\n\n<p><p align=\"justify\">Ostentando una de las ca\u00eddas de agua m\u00e1s impresionantes del pa\u00eds, no solo las Siete Tazas deslumbran al visitante, sino que tambi\u00e9n otros atractivos como el mirador conocido como \u201cEl Velo de la Novia\u201d. Aqu\u00ed, la Corporaci\u00f3n Municipal de Turismo de Molina adapt\u00f3 las inmediaciones de manera especial para que incluso las personas en situaci\u00f3n de discapacidad se puedan desplazar c\u00f3modamente.<\/p><\/p>\n\n\n\n<p><p align=\"justify\">Adem\u00e1s, se tejen historias en torno a otros sitios, como \u201cEl Salto de la Leona\u201d o \u201cEl Colmillo del Diablo\u201d, solo por nombrar algunos parajes.<\/p><\/p>\n\n\n\n<p><p align=\"justify\">Y, por supuesto, el acceso es ahora m\u00e1s expedito, gracias al gran avance de la pavimentaci\u00f3n de la Ruta K-175, uno de los proyectos emblem\u00e1ticos impulsado por la alcaldesa local, Priscilla Castillo; siendo posible llegar hasta el punto de acceso de forma r\u00e1pida y sin contratiempos.<\/p><\/p>\n","protected":false},"excerpt":{"rendered":"<p>Aire fresco, fauna nativa, vegetaci\u00f3n frondosa y una de las ca\u00eddas de agua m\u00e1s impresionantes de Chile y el mundo. Esto y m\u00e1s es lo que se puede encontrar al visitar el Parque Nacional Radal Siete Tazas, en Molina. Tras meses de inactividad, el recinto abre sus puertas para que los turistas puedan disfrutar de [&hellip;]<\/p>\n","protected":false},"author":1,"featured_media":45768,"comment_status":"closed","ping_status":"open","sticky":false,"template":"","format":"standard","meta":{"footnotes":""},"categories":[16,45,3035,8],"tags":[215,3222,3225,217,2904,3226,2532,3223,1854,1087,3224],"_links":{"self":[{"href":"https:\/\/web.molina.cl\/index.php?rest_route=\/wp\/v2\/posts\/45767"}],"collection":[{"href":"https:\/\/web.molina.cl\/index.php?rest_route=\/wp\/v2\/posts"}],"about":[{"href":"https:\/\/web.molina.cl\/index.php?rest_route=\/wp\/v2\/types\/post"}],"author":[{"embeddable":true,"href":"https:\/\/web.molina.cl\/index.php?rest_route=\/wp\/v2\/users\/1"}],"replies":[{"embeddable":true,"href":"https:\/\/web.molina.cl\/index.php?rest_route=%2Fwp%2Fv2%2Fcomments&post=45767"}],"version-history":[{"count":3,"href":"https:\/\/web.molina.cl\/index.php?rest_route=\/wp\/v2\/posts\/45767\/revisions"}],"predecessor-version":[{"id":45772,"href":"https:\/\/web.molina.cl\/index.php?rest_route=\/wp\/v2\/posts\/45767\/revisions\/45772"}],"wp:featuredmedia":[{"embeddable":true,"href":"https:\/\/web.molina.cl\/index.php?rest_route=\/wp\/v2\/media\/45768"}],"wp:attachment":[{"href":"https:\/\/web.molina.cl\/index.php?rest_route=%2Fwp%2Fv2%2Fmedia&parent=45767"}],"wp:term":[{"taxonomy":"category","embeddable":true,"href":"https:\/\/web.molina.cl\/index.php?rest_route=%2Fwp%2Fv2%2Fcategories&post=45767"},{"taxonomy":"post_tag","embeddable":true,"href":"https:\/\/web.molina.cl\/index.php?rest_route=%2Fwp%2Fv2%2Ftags&post=45767"}],"curies":[{"name":"wp","href":"https:\/\/api.w.org\/{rel}","templated":true}]}}