{"id":45410,"date":"2021-06-07T11:27:26","date_gmt":"2021-06-07T15:27:26","guid":{"rendered":"https:\/\/web.molina.cl\/?p=45410"},"modified":"2021-06-07T11:29:05","modified_gmt":"2021-06-07T15:29:05","slug":"aplican-examen-pcr-preventivo-a-locatarios-comerciales-de-molina-y-lontue","status":"publish","type":"post","link":"https:\/\/web.molina.cl\/?p=45410","title":{"rendered":"Aplican examen PCR preventivo a locatarios comerciales de Molina y Lontu\u00e9"},"content":{"rendered":"\n<p align=\"justify\">La iniciativa fue organizada por la Corporaci\u00f3n Municipal de Turismo y tiene como objetivo entregar seguridad tanto a trabajadores del comercio como a los clientes.<\/p>\n\n\n\n<p align=\"justify\">M\u00e1s de sesenta comerciantes del centro de Molina y Lontu\u00e9 se vieron beneficiados con un operativo de toma gratuita de ex\u00e1menes PCR por parte del municipio local.<\/p>\n\n\n\n<p align=\"justify\">En la oportunidad, el personal del Centro de Salud Familiar (Cesfam) de Lontu\u00e9 acudi\u00f3 hasta los propios puestos de trabajo de quienes atienden p\u00fablico todos los d\u00edas para abastecer a la comunidad de una amplia variedad productos.<\/p>\n\n\n\n<p align=\"justify\">De acuerdo a la informaci\u00f3n entregada por David Bugue\u00f1o, gerente de la Corporaci\u00f3n Municipal de Turismo y Fomento Productivo de Molina, esta acci\u00f3n se enmarca en el desarrollo de un trabajo mancomunado junto a la directiva de los barrios comerciales molinenses y lontueninos.<\/p>\n\n\n\n<p align=\"justify\">\u201cEsto es una alianza estrat\u00e9gica entre la Corporaci\u00f3n, el Barrio Comercial Quechereguas y los dem\u00e1s locales que aunque no est\u00e1n asociados, s\u00ed se encuentran en los sectores c\u00e9ntricos de cada ciudad. Sabemos que hay muchas personas que ya se han vacunado, pero esto es un PCR de car\u00e1cter preventivo y en el fondo viene realzar la labor preventiva que hace el municipio junto a los privados; asegurando as\u00ed a los vecinos y vecinas que las personas que atienden, cumplen con todos los protocolos y normas de seguridad\u201d, dijo el profesional.<\/p>\n\n\n\n<p><strong>COMERCIANTES FELICES<\/strong><\/p>\n\n\n\n<p align=\"justify\">La realizaci\u00f3n de los ex\u00e1menes PCR fue de manera r\u00e1pida y segura, tal como lo relat\u00f3 Marcelo Ojeda, locatario del restaurant \u201cT\u00fa y Yo\u201d de Lontu\u00e9, tras ser atendido por el personal del Centro de Salud Familiar (Cesfam) de la ciudad.<\/p>\n\n\n\n<p align=\"justify\">\u201cEncuentro que est\u00e1 bien que se haga esto, porque los comerciantes tenemos mucho contacto con gente. Si bien, tomamos muchas precauciones, es una excelente iniciativa del municipio y felicito a la alcaldesa por esto\u201d, dijo el comerciante; agregando que todav\u00eda \u201cfalta un poco m\u00e1s de conciencia, porque a veces vemos gente sin mascarilla\u201d.<\/p>\n\n\n\n<p align=\"justify\">Similar opini\u00f3n present\u00f3 Mauricio Campos, quien se desempe\u00f1a en la popular botiller\u00eda lontuenina \u201cEl Hu\u00e1scar\u201d, mostr\u00e1ndose contento tras el despliegue del personal de salud.<\/p>\n\n\n\n<p align=\"justify\">\u201cS\u00faper bien, lo encuentro una muy buena iniciativa, porque de partida es gratuita y lo otro es que no tenemos que movernos de ac\u00e1, la gente puede seguir con sus funciones despu\u00e9s de tomarse el examen. Fue r\u00e1pido y demuestra preocupaci\u00f3n\u201d, dijo.<\/p>\n\n\n\n<p><\/p>\n\n\n\n<p><\/p>\n","protected":false},"excerpt":{"rendered":"<p>La iniciativa fue organizada por la Corporaci\u00f3n Municipal de Turismo y tiene como objetivo entregar seguridad tanto a trabajadores del comercio como a los clientes. M\u00e1s de sesenta comerciantes del centro de Molina y Lontu\u00e9 se vieron beneficiados con un operativo de toma gratuita de ex\u00e1menes PCR por parte del municipio local. En la oportunidad, [&hellip;]<\/p>\n","protected":false},"author":1,"featured_media":45411,"comment_status":"closed","ping_status":"open","sticky":false,"template":"","format":"standard","meta":{"footnotes":""},"categories":[3027,21,7],"tags":[20,2531,3211],"_links":{"self":[{"href":"https:\/\/web.molina.cl\/index.php?rest_route=\/wp\/v2\/posts\/45410"}],"collection":[{"href":"https:\/\/web.molina.cl\/index.php?rest_route=\/wp\/v2\/posts"}],"about":[{"href":"https:\/\/web.molina.cl\/index.php?rest_route=\/wp\/v2\/types\/post"}],"author":[{"embeddable":true,"href":"https:\/\/web.molina.cl\/index.php?rest_route=\/wp\/v2\/users\/1"}],"replies":[{"embeddable":true,"href":"https:\/\/web.molina.cl\/index.php?rest_route=%2Fwp%2Fv2%2Fcomments&post=45410"}],"version-history":[{"count":2,"href":"https:\/\/web.molina.cl\/index.php?rest_route=\/wp\/v2\/posts\/45410\/revisions"}],"predecessor-version":[{"id":45414,"href":"https:\/\/web.molina.cl\/index.php?rest_route=\/wp\/v2\/posts\/45410\/revisions\/45414"}],"wp:featuredmedia":[{"embeddable":true,"href":"https:\/\/web.molina.cl\/index.php?rest_route=\/wp\/v2\/media\/45411"}],"wp:attachment":[{"href":"https:\/\/web.molina.cl\/index.php?rest_route=%2Fwp%2Fv2%2Fmedia&parent=45410"}],"wp:term":[{"taxonomy":"category","embeddable":true,"href":"https:\/\/web.molina.cl\/index.php?rest_route=%2Fwp%2Fv2%2Fcategories&post=45410"},{"taxonomy":"post_tag","embeddable":true,"href":"https:\/\/web.molina.cl\/index.php?rest_route=%2Fwp%2Fv2%2Ftags&post=45410"}],"curies":[{"name":"wp","href":"https:\/\/api.w.org\/{rel}","templated":true}]}}