{"id":43468,"date":"2021-01-14T11:30:06","date_gmt":"2021-01-14T15:30:06","guid":{"rendered":"http:\/\/web.molina.cl\/?p=43468"},"modified":"2021-01-19T14:35:59","modified_gmt":"2021-01-19T18:35:59","slug":"anuncian-asfalto-y-mejoramiento-de-calles-en-molina","status":"publish","type":"post","link":"https:\/\/web.molina.cl\/?p=43468","title":{"rendered":"Anuncian asfalto y mejoramiento de calles en Molina"},"content":{"rendered":"\n<p><p align=\"justify\"><em>Se trata de un proyecto financiado por la Direcci\u00f3n de Vialidad del Ministerio de Obras P\u00fablicas y dise\u00f1ado junto al municipio.<\/em><\/p><\/p>\n\n\n\n<p><p align=\"justify\">Un cambio de cara radical tendr\u00e1n las calles molinenses tras el anuncio de un proyecto de asfalto y mejoramiento para la popular Avenida Poniente, financiado por la Direcci\u00f3n de Vialidad del Ministerio de Obras P\u00fablicas (MOP) y dise\u00f1ado junto al municipio.<\/p><\/p>\n\n\n\n<p><p align=\"justify\">Se trata de una completa remodelaci\u00f3n no solo de la calzada, sino que tambi\u00e9n de las bermas, permitiendo que tanto automovilistas como ciclistas y peatones cuenten con un espacio para transitar.<\/p><\/p>\n\n\n\n<p><p align=\"justify\">La iniciativa se encuentra actualmente en proceso de licitaci\u00f3n para elegir a la empresa constructora, pero est\u00e1 previsto que el inicio de obras tenga lugar durante febrero o marzo de este a\u00f1o.<\/p><\/p>\n\n\n\n<p><strong>TRABAJO CONJUNTO<\/strong><\/p>\n\n\n\n<p><p align=\"justify\">Junto con destacar la importante inversi\u00f3n que supera los cuatrocientos millones de pesos, el Director de Vialidad, Manuel Montero, expres\u00f3 que \u201cestamos muy contentos de entregar esta buena noticia a toda la comunidad junto a la alcaldesa. Actualmente, nos encontramos evaluando las ofertas para concretar un mejoramiento por una de las pasadas urbanas m\u00e1s transitadas de la comuna\u201d,&nbsp; a\u00f1adiendo que el proyecto \u201ctiene una mirada inclusiva en t\u00e9rminos de todos los tipos de usuarios\u201d.<\/p><\/p>\n\n\n\n<p><p align=\"justify\">Cabe destacar que las obras contemplan el largo tramo comprendido desde el inicio de Avenida Poniente, pasando por Avenida Cementerio y hasta Avenida Sur.<\/p><\/p>\n\n\n\n<p><p align=\"justify\">Por su parte, la alcaldesa molinense, Priscilla Castillo, afirm\u00f3 que \u201cest\u00e1bamos esperando esto, as\u00ed que quiero dar las gracias a la Direcci\u00f3n de Vialidad. Nos estaba faltando esta parte de la calle, que es la berma, puesto que se encuentra con bastantes gritas y sin asfalto. Nuestra intenci\u00f3n es dar soluciones no solo a los automovilistas, sino que tambi\u00e9n a ciclistas y a peatones\u201d.<\/p><\/p>\n","protected":false},"excerpt":{"rendered":"<p>Se trata de un proyecto financiado por la Direcci\u00f3n de Vialidad del Ministerio de Obras P\u00fablicas y dise\u00f1ado junto al municipio. Un cambio de cara radical tendr\u00e1n las calles molinenses tras el anuncio de un proyecto de asfalto y mejoramiento para la popular Avenida Poniente, financiado por la Direcci\u00f3n de Vialidad del Ministerio de Obras [&hellip;]<\/p>\n","protected":false},"author":1,"featured_media":43470,"comment_status":"closed","ping_status":"open","sticky":false,"template":"","format":"standard","meta":{"footnotes":""},"categories":[3,4,6],"tags":[3173,2813,3174],"_links":{"self":[{"href":"https:\/\/web.molina.cl\/index.php?rest_route=\/wp\/v2\/posts\/43468"}],"collection":[{"href":"https:\/\/web.molina.cl\/index.php?rest_route=\/wp\/v2\/posts"}],"about":[{"href":"https:\/\/web.molina.cl\/index.php?rest_route=\/wp\/v2\/types\/post"}],"author":[{"embeddable":true,"href":"https:\/\/web.molina.cl\/index.php?rest_route=\/wp\/v2\/users\/1"}],"replies":[{"embeddable":true,"href":"https:\/\/web.molina.cl\/index.php?rest_route=%2Fwp%2Fv2%2Fcomments&post=43468"}],"version-history":[{"count":6,"href":"https:\/\/web.molina.cl\/index.php?rest_route=\/wp\/v2\/posts\/43468\/revisions"}],"predecessor-version":[{"id":43509,"href":"https:\/\/web.molina.cl\/index.php?rest_route=\/wp\/v2\/posts\/43468\/revisions\/43509"}],"wp:featuredmedia":[{"embeddable":true,"href":"https:\/\/web.molina.cl\/index.php?rest_route=\/wp\/v2\/media\/43470"}],"wp:attachment":[{"href":"https:\/\/web.molina.cl\/index.php?rest_route=%2Fwp%2Fv2%2Fmedia&parent=43468"}],"wp:term":[{"taxonomy":"category","embeddable":true,"href":"https:\/\/web.molina.cl\/index.php?rest_route=%2Fwp%2Fv2%2Fcategories&post=43468"},{"taxonomy":"post_tag","embeddable":true,"href":"https:\/\/web.molina.cl\/index.php?rest_route=%2Fwp%2Fv2%2Ftags&post=43468"}],"curies":[{"name":"wp","href":"https:\/\/api.w.org\/{rel}","templated":true}]}}