{"id":43105,"date":"2020-12-15T09:19:02","date_gmt":"2020-12-15T13:19:02","guid":{"rendered":"http:\/\/web.molina.cl\/?p=43105"},"modified":"2020-12-15T09:27:48","modified_gmt":"2020-12-15T13:27:48","slug":"por-fin-aprueban-contrato-para-construir-el-nuevo-cesfam-de-molina","status":"publish","type":"post","link":"https:\/\/web.molina.cl\/?p=43105","title":{"rendered":"\u00a1Por fin! Aprueban contrato para construir el nuevo Cesfam de Molina"},"content":{"rendered":"\n<p align=\"justify\"><em>Tras dos intentos anteriores en donde el Servicio de Salud del Maule cometi\u00f3 curiosos errores al momento de entregar la documentaci\u00f3n, finalmente Contralor\u00eda dio el visto bueno para que se pueda iniciar este proyecto dise\u00f1ado por el municipio.<\/em><\/p>\n\n\n\n<p align=\"justify\">En una verdadera pesadilla se hab\u00eda convertido el proyecto para construir el nuevo Centro de Salud Familiar (Cesfam) de Molina, tras los bullados errores cometidos por el Servicio de Salud del Maule al momento de entregar la documentaci\u00f3n a Contralor\u00eda.<\/p>\n\n\n\n<p align=\"justify\">Sin embargo, todo eso qued\u00f3 atr\u00e1s con la reciente aprobaci\u00f3n del contrato para construir la obra que brindar\u00e1 una soluci\u00f3n sanitaria a los miles de habitantes del sector urbano de la comuna, quienes para acceder a prestaciones de salud, \u00fanicamente pueden hacerlo en el Hospital Santa Rosa.<\/p>\n\n\n\n<p><strong>LARGO PROCESO<\/strong><\/p>\n\n\n\n<p align=\"justify\">La idea de tener un Cesfam se remonta a muchos a\u00f1os atr\u00e1s, ya que al interior de la comuna, solo los lontueninos poseen un recinto de estas caracter\u00edsticas. Es por ello que el municipio dise\u00f1\u00f3 este proyecto que llevar\u00e1 el nombre de Zoila \u201cCharito\u201d Urz\u00faa, hist\u00f3rica dirigente del \u00e1mbito y presidenta del Consejo de Desarrollo del Hospital Santa Rosa.<\/p>\n\n\n\n<p align=\"justify\">Sin embargo, durante los \u00faltimos meses el camino se llen\u00f3 de obst\u00e1culos, principalmente por los curiosos errores en los que incurri\u00f3 el Servicio de Salud del Maule al momento de entregar la documentaci\u00f3n a Contralor\u00eda: primero, se hizo un decreto exento y no uno con toma de raz\u00f3n; luego, se presentaron papeles que estaban vencidos.<\/p>\n\n\n\n<p align=\"justify\">El esc\u00e1ndalo medi\u00e1tico fue rotundo: acusaciones de dilatar a prop\u00f3sito el proceso llov\u00edan, tras la cercan\u00eda de las elecciones municipales a realizarse en abril de 2021.<\/p>\n\n\n\n<p align=\"justify\">No obstante, tras el visto bueno del ente contralor, la pesadilla se termin\u00f3 y los molinenses ven cada vez m\u00e1s cerca el comienzo de los trabajos.<\/p>\n\n\n\n<p><strong>PIDEN INICIO DE OBRAS<\/strong><\/p>\n\n\n\n<div><a href=\"https:\/\/web.molina.cl\/wp-content\/uploads\/2020\/12\/Alcaldesa-priscilla-castillo-768x1024.jpg\" class=\"td-modal-image\"><div class=\"wp-block-image td-caption-align-https:\/\/web.molina.cl\/wp-content\/uploads\/2020\/12\/Alcaldesa-priscilla-castillo-scaled.jpg\"><figure class=\"alignleft size-large is-resized\"><img loading=\"lazy\" decoding=\"async\" src=\"https:\/\/web.molina.cl\/wp-content\/uploads\/2020\/12\/Alcaldesa-priscilla-castillo-768x1024.jpg\" alt=\"\" class=\"wp-image-43106\" width=\"281\" height=\"362\"\/><\/figure><\/div><\/a><\/div>\n\n\n\n<p class=\"has-text-align-left\" align=\"justify\">Tras conocer lo resuelto por Contralor\u00eda, la alcaldesa de Molina, Priscilla Castillo, se mostr\u00f3 emocionada y record\u00f3 que \u201c\u00e9ste has sido un largo proceso, recuerdo que hace muchos a\u00f1os Zoila Urz\u00faa, m\u00e1s conocida como Charito, junto con autoridades, fue peleando por este proyecto para que saliera adelante\u201d.<\/p>\n\n\n\n<p align=\"justify\">Sin embargo, la jefa edilicia afirm\u00f3 tajante que \u201cnosotros no nos vamos a cansar hasta que veamos m\u00e1quinas trabajando, porque es el Cesfam es algo muy necesario para todos los habitantes de la comuna\u201d. El terreno donde se ubicar\u00e1 el recinto se encuentra frente a la Villa Regi\u00f3n del Maule y su edificaci\u00f3n estar\u00e1 a cargo de la Constructora Casaa, empresa que se adjudic\u00f3 la licitaci\u00f3n p\u00fablica y que tambi\u00e9n fue la responsable del Liceo Bicentenario.<\/p>\n\n\n\n<\/br><\/br><\/br><\/br><\/br><\/br>\n\n","protected":false},"excerpt":{"rendered":"<p>Tras dos intentos anteriores en donde el Servicio de Salud del Maule cometi\u00f3 curiosos errores al momento de entregar la documentaci\u00f3n, finalmente Contralor\u00eda dio el visto bueno para que se pueda iniciar este proyecto dise\u00f1ado por el municipio. En una verdadera pesadilla se hab\u00eda convertido el proyecto para construir el nuevo Centro de Salud Familiar [&hellip;]<\/p>\n","protected":false},"author":1,"featured_media":43108,"comment_status":"closed","ping_status":"open","sticky":false,"template":"","format":"standard","meta":{"footnotes":""},"categories":[3,4,6,7],"tags":[20,2333,2793,3030,2011,3144],"_links":{"self":[{"href":"https:\/\/web.molina.cl\/index.php?rest_route=\/wp\/v2\/posts\/43105"}],"collection":[{"href":"https:\/\/web.molina.cl\/index.php?rest_route=\/wp\/v2\/posts"}],"about":[{"href":"https:\/\/web.molina.cl\/index.php?rest_route=\/wp\/v2\/types\/post"}],"author":[{"embeddable":true,"href":"https:\/\/web.molina.cl\/index.php?rest_route=\/wp\/v2\/users\/1"}],"replies":[{"embeddable":true,"href":"https:\/\/web.molina.cl\/index.php?rest_route=%2Fwp%2Fv2%2Fcomments&post=43105"}],"version-history":[{"count":7,"href":"https:\/\/web.molina.cl\/index.php?rest_route=\/wp\/v2\/posts\/43105\/revisions"}],"predecessor-version":[{"id":43118,"href":"https:\/\/web.molina.cl\/index.php?rest_route=\/wp\/v2\/posts\/43105\/revisions\/43118"}],"wp:featuredmedia":[{"embeddable":true,"href":"https:\/\/web.molina.cl\/index.php?rest_route=\/wp\/v2\/media\/43108"}],"wp:attachment":[{"href":"https:\/\/web.molina.cl\/index.php?rest_route=%2Fwp%2Fv2%2Fmedia&parent=43105"}],"wp:term":[{"taxonomy":"category","embeddable":true,"href":"https:\/\/web.molina.cl\/index.php?rest_route=%2Fwp%2Fv2%2Fcategories&post=43105"},{"taxonomy":"post_tag","embeddable":true,"href":"https:\/\/web.molina.cl\/index.php?rest_route=%2Fwp%2Fv2%2Ftags&post=43105"}],"curies":[{"name":"wp","href":"https:\/\/api.w.org\/{rel}","templated":true}]}}