{"id":43083,"date":"2020-12-14T11:31:09","date_gmt":"2020-12-14T15:31:09","guid":{"rendered":"http:\/\/web.molina.cl\/?p=43083"},"modified":"2020-12-14T14:15:58","modified_gmt":"2020-12-14T18:15:58","slug":"instalaran-tres-nuevos-semaforos-en-molina","status":"publish","type":"post","link":"https:\/\/web.molina.cl\/?p=43083","title":{"rendered":"Instalar\u00e1n tres nuevos sem\u00e1foros en Molina"},"content":{"rendered":"\n<p><p align=\"justify\"><em>Se trata de una iniciativa municipal que busca dar soluci\u00f3n a una sentida necesidad de la comunidad en puntos estrat\u00e9gicos de la comuna, adem\u00e1s de realizar una exhaustiva mantenci\u00f3n al sem\u00e1foro de Lontu\u00e9.<\/em><\/p><\/p>\n\n\n\n<p><p align=\"justify\">Una importante mejora vial tendr\u00e1n las calles de Molina, tras el anuncio de la instalaci\u00f3n de tres nuevos sem\u00e1foros al interior de la tur\u00edstica comuna.<\/p><\/p>\n\n\n\n<p><p align=\"justify\">Se trata de una iniciativa del municipio orientada a brindar mejores condiciones tanto a los automovilistas como a los peatones, en puntos estrat\u00e9gicos donde suelen ocasionarse inconvenientes debido al alto flujo de tr\u00e1nsito.<\/p><\/p>\n\n\n\n<p><p align=\"justify\">En concreto, se colocar\u00e1n los sem\u00e1foros en las intersecciones de Yerbas Buenas con Avda. Poniente (afuera del popular local de comida r\u00e1pida \u201cDinocompletos\u201d), en Quechereguas con Avda. Sur y en el cruce hacia el Hospital Santa Rosa (Luis Cruz Mart\u00ednez a la altura de Dr. Hurtado).<\/p><\/p>\n\n\n\n<p><p align=\"justify\">De igual manera, se realizar\u00e1 una exhaustiva mantenci\u00f3n al sem\u00e1foro que se encuentra en la Avda. 7 de Abril de Lontu\u00e9, una de las principales puertas de entrada hacia tierras molinenses.<\/p><\/p>\n\n\n\n<div><a href=\"https:\/\/web.molina.cl\/wp-content\/uploads\/2020\/12\/semaforos-3-1024x768.jpeg\" class=\"td-modal-image\"><figure class=\"wp-block-image size-large td-caption-align-https:\/\/web.molina.cl\/wp-content\/uploads\/2020\/12\/semaforos-3.jpeg\"><img loading=\"lazy\" decoding=\"async\" width=\"1024\" height=\"768\" src=\"https:\/\/web.molina.cl\/wp-content\/uploads\/2020\/12\/semaforos-3-1024x768.jpeg\" alt=\"\" class=\"wp-image-43086\" srcset=\"https:\/\/web.molina.cl\/wp-content\/uploads\/2020\/12\/semaforos-3-1024x768.jpeg 1024w, https:\/\/web.molina.cl\/wp-content\/uploads\/2020\/12\/semaforos-3-300x225.jpeg 300w, https:\/\/web.molina.cl\/wp-content\/uploads\/2020\/12\/semaforos-3-768x576.jpeg 768w, https:\/\/web.molina.cl\/wp-content\/uploads\/2020\/12\/semaforos-3-696x522.jpeg 696w, https:\/\/web.molina.cl\/wp-content\/uploads\/2020\/12\/semaforos-3-1068x801.jpeg 1068w, https:\/\/web.molina.cl\/wp-content\/uploads\/2020\/12\/semaforos-3-560x420.jpeg 560w, https:\/\/web.molina.cl\/wp-content\/uploads\/2020\/12\/semaforos-3-80x60.jpeg 80w, https:\/\/web.molina.cl\/wp-content\/uploads\/2020\/12\/semaforos-3-265x198.jpeg 265w, https:\/\/web.molina.cl\/wp-content\/uploads\/2020\/12\/semaforos-3.jpeg 1280w\" sizes=\"(max-width: 1024px) 100vw, 1024px\" \/><\/figure><\/a><\/div>\n\n\n\n<p><strong>CUIDAR LA VIDA<\/strong><\/p>\n\n\n\n<p><p align=\"justify\">La alcaldesa de Molina, Priscilla Castillo, explic\u00f3 que \u201ces muy necesaria la instalaci\u00f3n de sem\u00e1foros en equinas que son muy conflictivas, tanto para&nbsp; la seguridad de los peatones como para regular el alto flujo vehicular, raz\u00f3n por la cual se desarrollar\u00e1n las obras durante enero y febrero de 2021\u201d.<\/p><\/p>\n\n\n\n<p><p align=\"justify\">La primera autoridad comunal detall\u00f3 que tambi\u00e9n continuar\u00e1n con la implementaci\u00f3n de reductores de velocidad, se\u00f1alando que \u201cpara evitar accidentes, estamos instalando lomos de toro en distintas partes, porque lamentablemente hay muchos automovilistas que no respetan la ley del tr\u00e1nsito y lo que nos interesa, por sobre todo, es proteger la vida de las personas\u201d.<\/p><\/p>\n\n\n\n<div><a href=\"https:\/\/web.molina.cl\/wp-content\/uploads\/2020\/12\/Semaforos-2-1024x768.jpeg\" class=\"td-modal-image\"><figure class=\"wp-block-image size-large td-caption-align-https:\/\/web.molina.cl\/wp-content\/uploads\/2020\/12\/Semaforos-2.jpeg\"><img loading=\"lazy\" decoding=\"async\" width=\"1024\" height=\"768\" src=\"https:\/\/web.molina.cl\/wp-content\/uploads\/2020\/12\/Semaforos-2-1024x768.jpeg\" alt=\"\" class=\"wp-image-43098\" srcset=\"https:\/\/web.molina.cl\/wp-content\/uploads\/2020\/12\/Semaforos-2-1024x768.jpeg 1024w, https:\/\/web.molina.cl\/wp-content\/uploads\/2020\/12\/Semaforos-2-300x225.jpeg 300w, https:\/\/web.molina.cl\/wp-content\/uploads\/2020\/12\/Semaforos-2-768x576.jpeg 768w, https:\/\/web.molina.cl\/wp-content\/uploads\/2020\/12\/Semaforos-2-696x522.jpeg 696w, https:\/\/web.molina.cl\/wp-content\/uploads\/2020\/12\/Semaforos-2-1068x801.jpeg 1068w, https:\/\/web.molina.cl\/wp-content\/uploads\/2020\/12\/Semaforos-2-560x420.jpeg 560w, https:\/\/web.molina.cl\/wp-content\/uploads\/2020\/12\/Semaforos-2-80x60.jpeg 80w, https:\/\/web.molina.cl\/wp-content\/uploads\/2020\/12\/Semaforos-2-265x198.jpeg 265w, https:\/\/web.molina.cl\/wp-content\/uploads\/2020\/12\/Semaforos-2.jpeg 1280w\" sizes=\"(max-width: 1024px) 100vw, 1024px\" \/><\/figure><\/a><\/div>\n","protected":false},"excerpt":{"rendered":"<p>Se trata de una iniciativa municipal que busca dar soluci\u00f3n a una sentida necesidad de la comunidad en puntos estrat\u00e9gicos de la comuna, adem\u00e1s de realizar una exhaustiva mantenci\u00f3n al sem\u00e1foro de Lontu\u00e9. Una importante mejora vial tendr\u00e1n las calles de Molina, tras el anuncio de la instalaci\u00f3n de tres nuevos sem\u00e1foros al interior de [&hellip;]<\/p>\n","protected":false},"author":1,"featured_media":43084,"comment_status":"closed","ping_status":"open","sticky":false,"template":"","format":"standard","meta":{"footnotes":""},"categories":[3,4,6],"tags":[3142,3143,3141],"_links":{"self":[{"href":"https:\/\/web.molina.cl\/index.php?rest_route=\/wp\/v2\/posts\/43083"}],"collection":[{"href":"https:\/\/web.molina.cl\/index.php?rest_route=\/wp\/v2\/posts"}],"about":[{"href":"https:\/\/web.molina.cl\/index.php?rest_route=\/wp\/v2\/types\/post"}],"author":[{"embeddable":true,"href":"https:\/\/web.molina.cl\/index.php?rest_route=\/wp\/v2\/users\/1"}],"replies":[{"embeddable":true,"href":"https:\/\/web.molina.cl\/index.php?rest_route=%2Fwp%2Fv2%2Fcomments&post=43083"}],"version-history":[{"count":4,"href":"https:\/\/web.molina.cl\/index.php?rest_route=\/wp\/v2\/posts\/43083\/revisions"}],"predecessor-version":[{"id":43099,"href":"https:\/\/web.molina.cl\/index.php?rest_route=\/wp\/v2\/posts\/43083\/revisions\/43099"}],"wp:featuredmedia":[{"embeddable":true,"href":"https:\/\/web.molina.cl\/index.php?rest_route=\/wp\/v2\/media\/43084"}],"wp:attachment":[{"href":"https:\/\/web.molina.cl\/index.php?rest_route=%2Fwp%2Fv2%2Fmedia&parent=43083"}],"wp:term":[{"taxonomy":"category","embeddable":true,"href":"https:\/\/web.molina.cl\/index.php?rest_route=%2Fwp%2Fv2%2Fcategories&post=43083"},{"taxonomy":"post_tag","embeddable":true,"href":"https:\/\/web.molina.cl\/index.php?rest_route=%2Fwp%2Fv2%2Ftags&post=43083"}],"curies":[{"name":"wp","href":"https:\/\/api.w.org\/{rel}","templated":true}]}}