{"id":42972,"date":"2020-11-30T12:47:48","date_gmt":"2020-11-30T16:47:48","guid":{"rendered":"http:\/\/web.molina.cl\/?p=42972"},"modified":"2020-11-30T12:48:45","modified_gmt":"2020-11-30T16:48:45","slug":"mas-grande-y-equipada-asi-es-la-nueva-sede-social-de-la-poblacion-luisa-moreira-de-molina","status":"publish","type":"post","link":"https:\/\/web.molina.cl\/?p=42972","title":{"rendered":"M\u00e1s grande y equipada: as\u00ed es la nueva sede social de la poblaci\u00f3n Luisa Moreira de Molina"},"content":{"rendered":"\n<p align=\"justify\"><em>El hist\u00f3rico barrio ahora cuenta con un recinto acorde a sus necesidades gracias a una importante inversi\u00f3n municipal, sumada al trabajo en equipo de los vecinos.<\/em><\/p>\n\n\n\n<p align=\"justify\">Una nueva cara es la que tiene la sede social de la poblaci\u00f3n Luisa Moreira de Molina, tras haber re-inaugurado las instalaciones en donde suelen reunirse los habitantes de este hist\u00f3rico barrio.<\/p>\n\n\n\n<p align=\"justify\">En una ceremonia marcada por la presencia de gran cantidad de vecinos y por el n\u00famero art\u00edstico del grupo de danza \u201cWe Purun\u201d, se abrieron las puertas del recinto que cuenta ahora con espacios m\u00e1s amplios, pintura nueva, cocina equipada, ba\u00f1os para personas en situaci\u00f3n de discapacidad y un patio techado.<\/p>\n\n\n\n<div><a href=\"https:\/\/web.molina.cl\/wp-content\/uploads\/2020\/11\/sede-social-luis-moreira-3-1024x575.jpg\" class=\"td-modal-image\"><figure class=\"wp-block-image size-large td-caption-align-https:\/\/web.molina.cl\/wp-content\/uploads\/2020\/11\/sede-social-luis-moreira-3.jpg\"><img loading=\"lazy\" decoding=\"async\" width=\"1024\" height=\"575\" src=\"https:\/\/web.molina.cl\/wp-content\/uploads\/2020\/11\/sede-social-luis-moreira-3-1024x575.jpg\" alt=\"\" class=\"wp-image-42974\" srcset=\"https:\/\/web.molina.cl\/wp-content\/uploads\/2020\/11\/sede-social-luis-moreira-3-1024x575.jpg 1024w, https:\/\/web.molina.cl\/wp-content\/uploads\/2020\/11\/sede-social-luis-moreira-3-300x169.jpg 300w, https:\/\/web.molina.cl\/wp-content\/uploads\/2020\/11\/sede-social-luis-moreira-3-768x431.jpg 768w, https:\/\/web.molina.cl\/wp-content\/uploads\/2020\/11\/sede-social-luis-moreira-3-696x391.jpg 696w, https:\/\/web.molina.cl\/wp-content\/uploads\/2020\/11\/sede-social-luis-moreira-3-1068x600.jpg 1068w, https:\/\/web.molina.cl\/wp-content\/uploads\/2020\/11\/sede-social-luis-moreira-3-748x420.jpg 748w, https:\/\/web.molina.cl\/wp-content\/uploads\/2020\/11\/sede-social-luis-moreira-3.jpg 1280w\" sizes=\"(max-width: 1024px) 100vw, 1024px\" \/><\/figure><\/a><\/div>\n\n\n\n<p align=\"justify\">Para llevar a cabo los trabajos, fue necesaria una inversi\u00f3n municipal superior a los diez millones de pesos; lo que sumado al aporte de los vecinos, permiti\u00f3 concretar un proyecto que responde a las necesidades de quienes habitan en el lugar.<\/p>\n\n\n\n<p><strong>LABOR SOCIAL<\/strong><\/p>\n\n\n\n<p><p align=\"justify\">Durante la ceremonia de inauguraci\u00f3n, uno de los aspectos que m\u00e1s destacaron los presentes fue la labor social de esta obra, ya que durante la cuarentena, la Junta de Vecinos estuvo realizando importantes obras solidarias para quienes no pose\u00edan alimentos, apoyados por la Parroquia Nuestra Se\u00f1ora del Tr\u00e1nsito.<\/p><\/p>\n\n\n\n<p><p align=\"justify\">Es por ello que la presidenta de la Junta de Vecinos, Judith Catal\u00e1n, hizo un reconocimiento especial \u201cal padre Mauricio Jacques, porque \u00e9l fue muy importante en esta \u00e9poca de pandemia, ayud\u00e1ndonos con hartos vecinos que pasaban necesidades\u201d.<\/p><\/p>\n\n\n\n<p><p align=\"justify\">Junto con ello, la dirigente se mostr\u00f3 \u201ccontent\u00edsima de haber logrado este proyecto, ya que desde 2003 que hemos estado luchando por la ampliaci\u00f3n y para nosotros es algo maravilloso, un regalo muy especial. Adem\u00e1s, fue producto del esfuerzo de todos, porque en la feria del 1 de noviembre reunimos recursos que sumamos al aporte municipal\u201d.<\/p><\/p>\n\n\n\n<p><strong>BRINDANDO DIGNIDAD<\/strong><\/p>\n\n\n\n<p><p align=\"justify\">Tras recorrer las instalaciones junto a los presentes, la alcaldesa de Molina, Priscilla Castillo, hizo memoria sobre el largo camino recorrido para llegar hasta este momento. \u201cEs una sede que los vecinos esperaban por muchos a\u00f1os. Ellos se acordaban de cuando viv\u00edan en un campamento en la poblaci\u00f3n Antena en los a\u00f1os 80\u2019 y desde esa \u00e9poca se vinieron a construir su sede, que contaba con una sola habitaci\u00f3n\u201d, parti\u00f3 diciendo la jefa comunal.<\/p><\/p>\n\n\n\n<p><p align=\"justify\">Por tal motivo, la autoridad destaca que \u201ccon todo el esfuerzo de la directiva, los vecinos y el municipio fue posible este mejoramiento para darle dignidad a esta villa. Esperamos seguir trabajando en conjunto para hacer otras cosas m\u00e1s que ellos requieran\u201d, agregando que \u201cac\u00e1 hay dos Clubes de Adulto Mayor (La Unidad y San Sebasti\u00e1n) que hace tiempo no se juntan y ahora tienen un lugar para hacerlo\u201d.<\/p><\/p>\n\n\n\n<div><a href=\"https:\/\/web.molina.cl\/wp-content\/uploads\/2020\/11\/sede-social-luis-moreira-2-1024x575.jpg\" class=\"td-modal-image\"><figure class=\"wp-block-image size-large td-caption-align-https:\/\/web.molina.cl\/wp-content\/uploads\/2020\/11\/sede-social-luis-moreira-2.jpg\"><img loading=\"lazy\" decoding=\"async\" width=\"1024\" height=\"575\" src=\"https:\/\/web.molina.cl\/wp-content\/uploads\/2020\/11\/sede-social-luis-moreira-2-1024x575.jpg\" alt=\"\" class=\"wp-image-42975\" srcset=\"https:\/\/web.molina.cl\/wp-content\/uploads\/2020\/11\/sede-social-luis-moreira-2-1024x575.jpg 1024w, https:\/\/web.molina.cl\/wp-content\/uploads\/2020\/11\/sede-social-luis-moreira-2-300x169.jpg 300w, https:\/\/web.molina.cl\/wp-content\/uploads\/2020\/11\/sede-social-luis-moreira-2-768x431.jpg 768w, https:\/\/web.molina.cl\/wp-content\/uploads\/2020\/11\/sede-social-luis-moreira-2-696x391.jpg 696w, https:\/\/web.molina.cl\/wp-content\/uploads\/2020\/11\/sede-social-luis-moreira-2-1068x600.jpg 1068w, https:\/\/web.molina.cl\/wp-content\/uploads\/2020\/11\/sede-social-luis-moreira-2-748x420.jpg 748w, https:\/\/web.molina.cl\/wp-content\/uploads\/2020\/11\/sede-social-luis-moreira-2.jpg 1280w\" sizes=\"(max-width: 1024px) 100vw, 1024px\" \/><\/figure><\/a><\/div>\n","protected":false},"excerpt":{"rendered":"<p>El hist\u00f3rico barrio ahora cuenta con un recinto acorde a sus necesidades gracias a una importante inversi\u00f3n municipal, sumada al trabajo en equipo de los vecinos. Una nueva cara es la que tiene la sede social de la poblaci\u00f3n Luisa Moreira de Molina, tras haber re-inaugurado las instalaciones en donde suelen reunirse los habitantes de [&hellip;]<\/p>\n","protected":false},"author":1,"featured_media":42973,"comment_status":"closed","ping_status":"open","sticky":false,"template":"","format":"standard","meta":{"footnotes":""},"categories":[80,3,4],"tags":[3136,3137,2592,1219],"_links":{"self":[{"href":"https:\/\/web.molina.cl\/index.php?rest_route=\/wp\/v2\/posts\/42972"}],"collection":[{"href":"https:\/\/web.molina.cl\/index.php?rest_route=\/wp\/v2\/posts"}],"about":[{"href":"https:\/\/web.molina.cl\/index.php?rest_route=\/wp\/v2\/types\/post"}],"author":[{"embeddable":true,"href":"https:\/\/web.molina.cl\/index.php?rest_route=\/wp\/v2\/users\/1"}],"replies":[{"embeddable":true,"href":"https:\/\/web.molina.cl\/index.php?rest_route=%2Fwp%2Fv2%2Fcomments&post=42972"}],"version-history":[{"count":2,"href":"https:\/\/web.molina.cl\/index.php?rest_route=\/wp\/v2\/posts\/42972\/revisions"}],"predecessor-version":[{"id":42977,"href":"https:\/\/web.molina.cl\/index.php?rest_route=\/wp\/v2\/posts\/42972\/revisions\/42977"}],"wp:featuredmedia":[{"embeddable":true,"href":"https:\/\/web.molina.cl\/index.php?rest_route=\/wp\/v2\/media\/42973"}],"wp:attachment":[{"href":"https:\/\/web.molina.cl\/index.php?rest_route=%2Fwp%2Fv2%2Fmedia&parent=42972"}],"wp:term":[{"taxonomy":"category","embeddable":true,"href":"https:\/\/web.molina.cl\/index.php?rest_route=%2Fwp%2Fv2%2Fcategories&post=42972"},{"taxonomy":"post_tag","embeddable":true,"href":"https:\/\/web.molina.cl\/index.php?rest_route=%2Fwp%2Fv2%2Ftags&post=42972"}],"curies":[{"name":"wp","href":"https:\/\/api.w.org\/{rel}","templated":true}]}}