{"id":4162,"date":"2015-10-28T15:27:43","date_gmt":"2015-10-28T18:27:43","guid":{"rendered":"http:\/\/web.molina.cl\/?p=4162"},"modified":"2020-11-24T12:54:54","modified_gmt":"2020-11-24T16:54:54","slug":"alcaldes-de-molina-y-curico-dieron-vamos-a-la-vuelta-ciclistica-en-el-maule","status":"publish","type":"post","link":"https:\/\/web.molina.cl\/?p=4162","title":{"rendered":"Alcaldes de Molina y Curic\u00f3 dieron vamos a la vuelta cicl\u00edstica en el Maule"},"content":{"rendered":"<p style=\"text-align: justify;\">Tercera Vuelta Cicl\u00edstica en la Regi\u00f3n del Maule se inicia en plaza de Molina. En donde participan 92 competidores de 4 pa\u00edses: Uruguay, Brasil, Argentina y Chile. Este evento deportivo est\u00e1 financiado por el gobierno regional, a trav\u00e9s del fondo del 2% para el deporte.<!--more--><br \/>\nCon la presencia de la alcaldesa de Molina, Priscilla Castillo y el alcalde de Curic\u00f3, Javier Mu\u00f1oz, se dio inicio a la primera etapa de la 3era vuelta ciclista en la Regi\u00f3n del Maule. Y adem\u00e1s, cont\u00f3 con la bendici\u00f3n del padre Mauricio Jacques.<br \/>\nEsta primera etapa, es desde la plaza de armas de Molina por Quechereguas, contin\u00faa por Ruta K-25 hasta empalmar con Camino internacional Paso Pehuenche, hasta la Laguna del Maule y son 175 kil\u00f3metros.<\/p>\n<p style=\"text-align: justify;\">Para la alcaldesa Priscilla Castillo, \u201cEs un orgullo contar con deportistas de \u00e9lite en nuestra comuna y que este tipo de actividades se est\u00e9n realizando ac\u00e1\u201d.<\/p>\n<p style=\"text-align: justify;\"><strong>Etapas de la 3era vuelta ciclista Regi\u00f3n del Maule<\/strong><\/p>\n<p style=\"text-align: justify;\"><strong>1\u00aa Etapa: Molina \u2013 Laguna de Maule (175km)<\/strong><br \/>\nMi\u00e9rcoles 28 de Octubre<br \/>\n13:00hrs.<br \/>\nPartida plaza de armas de Molina por Quechereguas, contin\u00faa por Ruta K-25 hasta empalmar con Camino internacional Paso Pehuenche, hasta la Laguna del Maule.<\/p>\n<p style=\"text-align: justify;\"><strong>2\u00aa Etapa: Villa Alegre \u2013 Vichuqu\u00e9n (164km)<\/strong><br \/>\nJueves 29 de Octubre<br \/>\n09:00hrs.<br \/>\nPartida plaza de Villa Alegre por calle Espa\u00f1a, giro izquierda en Ruta L-16, giro derecha para tomar Ruta L-30-M, paso superior Ruta 5, tomar Ruta 5 al norte, salida enlace Unihue, tomar enlace y paso superior Ruta 5, contin\u00faa por Ruta K-630, Av. Col\u00edn, 7 Poniente, giro izquierda en Av. 4 Norte (Alameda), contin\u00faa por Ruta K-60-J (paso por Pencahue, Curepto), ingreso y paso por Curepto por calle Lord Cochrane, Patricio Linch, giro a la derecha en Ruta K-16, Ruta K-22, giro a la derecha Ruta J-60, ingreso a Licant\u00e9n por Av. Lautaro giro derecha en Ruta J-60 hasta Licant\u00e9n, Av. Lautaro, giro izquierda en calle Luis Cruz Mart\u00ednez, contin\u00faa por Ruta J-810 hasta Vichuqu\u00e9n, giro derecha para tomar Pte. Uraco, calle Balmaceda giro derecha en calle Comercio, Meta Plaza de Vichuqu\u00e9n.<\/p>\n<p style=\"text-align: justify;\"><strong>3\u00aa Etapa: Iloca &#8211; Pelluhue (130km)<\/strong><br \/>\nViernes 30 de Octubre<br \/>\n09:00hrs.<br \/>\nPartida Terminal de buses Iloca, Ruta J-60 (hacia el sur), giro a la derecha en Ruta K-24, continua por Ruta M-24-K, Ruta M-50, ingreso a Chanco por calle San Ambrosio hasta empalmar con Ruta M-50 nuevamente, giro a la derecha en Ruta M-80-N, ingreso a Pelluhue por Av. Abd\u00f3n Fuentealba, giro a la derecha en calle Prat, Meta frente a Plaza de Armas.<\/p>\n<p style=\"text-align: justify;\"><strong>4\u00aa Etapa: Pelluhue \u2013 San Javier (117km)<\/strong><br \/>\nS\u00e1bado 31 de Octubre<br \/>\n09:00hrs.<br \/>\nPartida Plaza de Armas de Pelluhue, giro izquierda en Av. Abd\u00f3n Fuentealba, contin\u00faa por Ruta M-80-N, giro a la derecha en cruce para tomar Ruta M-50 (hacia Cauquenes). Ingreso a Cauquenes por Av. Luis Manr\u00edquez, Bombero Venegas, Av. Sotero del R\u00edo, Ruta 128, giro a la izquierda en Ruta 126 (Ruta Los Conquistadores), giro derecha en Ruta L-30-M, enlace direcci\u00f3n San Javier, Ruta L-16, ingreso a San Javier por Av. Chorrillos, giro izquierda en calle Arturo Prat, Meta frente a Municipalidad de San Javier.<\/p>\n<p style=\"text-align: justify;\"><strong>5\u00aa Etapa: Contra Reloj Individual Curic\u00f3 (18km)<\/strong><br \/>\nS\u00e1bado 31 de Octubre<br \/>\n18:00hrs.<br \/>\nPartida en Camino a Tutuqu\u00e9n pasado Cementerio Parque Tutuqu\u00e9n, contin\u00faa por Ruta J-620, avanza 9kms y regresa por la misma ruta hasta en punto de partida.<\/p>\n<p style=\"text-align: justify;\"><strong>6\u00aa Etapa: Circuito Curic\u00f3 (96km) \u2013 12 giros<\/strong><br \/>\nDomingo 01 de Noviembre<br \/>\n11:00hrs.<br \/>\nPartida Av. Manso de Velasco con calle Prat (calzada oriente), contin\u00faa por Av. Alessandri, giro a la derecha en Caletera al costado Ruta 5 hasta empalmar con Av. Manso de Velasco para cerrar el Circuito. Meta en el mismo sitio de Partida.<br \/>\nEn los 3 \u00faltimos giros se pasa por sobre el cerro Carlos Condell.<\/p>\n<div class=\"fb-video\" data-href=\"https:\/\/www.facebook.com\/video.php?v=515315745315512\" data-width=\"100%\" data-allowfullscreen=\"true\"><\/div>\n<p style=\"text-align: justify;\">\n\n","protected":false},"excerpt":{"rendered":"<p>Tercera Vuelta Cicl\u00edstica en la Regi\u00f3n del Maule se inicia en plaza de Molina. En donde participan 92 competidores de 4 pa\u00edses: Uruguay, Brasil, Argentina y Chile. Este evento deportivo est\u00e1 financiado por el gobierno regional, a trav\u00e9s del fondo del 2% para el deporte.<\/p>\n","protected":false},"author":1,"featured_media":4194,"comment_status":"open","ping_status":"open","sticky":false,"template":"","format":"standard","meta":{"footnotes":""},"categories":[35,4,16,40,25],"tags":[559,603,604,605,606,607],"_links":{"self":[{"href":"https:\/\/web.molina.cl\/index.php?rest_route=\/wp\/v2\/posts\/4162"}],"collection":[{"href":"https:\/\/web.molina.cl\/index.php?rest_route=\/wp\/v2\/posts"}],"about":[{"href":"https:\/\/web.molina.cl\/index.php?rest_route=\/wp\/v2\/types\/post"}],"author":[{"embeddable":true,"href":"https:\/\/web.molina.cl\/index.php?rest_route=\/wp\/v2\/users\/1"}],"replies":[{"embeddable":true,"href":"https:\/\/web.molina.cl\/index.php?rest_route=%2Fwp%2Fv2%2Fcomments&post=4162"}],"version-history":[{"count":1,"href":"https:\/\/web.molina.cl\/index.php?rest_route=\/wp\/v2\/posts\/4162\/revisions"}],"predecessor-version":[{"id":42727,"href":"https:\/\/web.molina.cl\/index.php?rest_route=\/wp\/v2\/posts\/4162\/revisions\/42727"}],"wp:featuredmedia":[{"embeddable":true,"href":"https:\/\/web.molina.cl\/index.php?rest_route=\/"}],"wp:attachment":[{"href":"https:\/\/web.molina.cl\/index.php?rest_route=%2Fwp%2Fv2%2Fmedia&parent=4162"}],"wp:term":[{"taxonomy":"category","embeddable":true,"href":"https:\/\/web.molina.cl\/index.php?rest_route=%2Fwp%2Fv2%2Fcategories&post=4162"},{"taxonomy":"post_tag","embeddable":true,"href":"https:\/\/web.molina.cl\/index.php?rest_route=%2Fwp%2Fv2%2Ftags&post=4162"}],"curies":[{"name":"wp","href":"https:\/\/api.w.org\/{rel}","templated":true}]}}