{"id":4066,"date":"2015-10-26T17:14:48","date_gmt":"2015-10-26T20:14:48","guid":{"rendered":"http:\/\/web.molina.cl\/?p=4066"},"modified":"2020-11-24T12:56:55","modified_gmt":"2020-11-24T16:56:55","slug":"gran-convocatoria-tuvo-corrida-por-un-sueno","status":"publish","type":"post","link":"https:\/\/web.molina.cl\/?p=4066","title":{"rendered":"Gran convocatoria tuvo la primera versi\u00f3n de \u00abCorrida por un sue\u00f1o\u00bb"},"content":{"rendered":"<p style=\"text-align: justify;\">Todo un \u00e9xito fue la \u201cCorrida por un Sue\u00f1o\u201d, que se realiz\u00f3 este domingo 25 de octubre a las 10 de la ma\u00f1ana y que fue organizada por el Colegio Mar\u00eda Auxiliadora en conjunto con la municipalidad de Molina, a trav\u00e9s de la Corporaci\u00f3n de Deporte.<!--more--><\/p>\n<p style=\"text-align: justify;\">M\u00e1s de 300 corredores llegaron muy motivados a participar en los desaf\u00edos 3K y 8K. Y de esa forma recaudar fondos, para la construcci\u00f3n de la ense\u00f1anza media.<\/p>\n<p style=\"text-align: justify;\">Esperamos que sea la primera de muchas corridas.<\/p>\n\n","protected":false},"excerpt":{"rendered":"<p>Todo un \u00e9xito fue la \u201cCorrida por un Sue\u00f1o\u201d, que se realiz\u00f3 este domingo 25 de octubre a las 10 de la ma\u00f1ana y que fue organizada por el Colegio Mar\u00eda Auxiliadora en conjunto con la municipalidad de Molina, a trav\u00e9s de la Corporaci\u00f3n de Deporte.<\/p>\n","protected":false},"author":1,"featured_media":4088,"comment_status":"open","ping_status":"open","sticky":false,"template":"","format":"standard","meta":{"footnotes":""},"categories":[35,3,4,40,64],"tags":[594,595,537,538,541],"_links":{"self":[{"href":"https:\/\/web.molina.cl\/index.php?rest_route=\/wp\/v2\/posts\/4066"}],"collection":[{"href":"https:\/\/web.molina.cl\/index.php?rest_route=\/wp\/v2\/posts"}],"about":[{"href":"https:\/\/web.molina.cl\/index.php?rest_route=\/wp\/v2\/types\/post"}],"author":[{"embeddable":true,"href":"https:\/\/web.molina.cl\/index.php?rest_route=\/wp\/v2\/users\/1"}],"replies":[{"embeddable":true,"href":"https:\/\/web.molina.cl\/index.php?rest_route=%2Fwp%2Fv2%2Fcomments&post=4066"}],"version-history":[{"count":1,"href":"https:\/\/web.molina.cl\/index.php?rest_route=\/wp\/v2\/posts\/4066\/revisions"}],"predecessor-version":[{"id":42729,"href":"https:\/\/web.molina.cl\/index.php?rest_route=\/wp\/v2\/posts\/4066\/revisions\/42729"}],"wp:featuredmedia":[{"embeddable":true,"href":"https:\/\/web.molina.cl\/index.php?rest_route=\/"}],"wp:attachment":[{"href":"https:\/\/web.molina.cl\/index.php?rest_route=%2Fwp%2Fv2%2Fmedia&parent=4066"}],"wp:term":[{"taxonomy":"category","embeddable":true,"href":"https:\/\/web.molina.cl\/index.php?rest_route=%2Fwp%2Fv2%2Fcategories&post=4066"},{"taxonomy":"post_tag","embeddable":true,"href":"https:\/\/web.molina.cl\/index.php?rest_route=%2Fwp%2Fv2%2Ftags&post=4066"}],"curies":[{"name":"wp","href":"https:\/\/api.w.org\/{rel}","templated":true}]}}