{"id":40520,"date":"2020-07-14T23:01:59","date_gmt":"2020-07-14T23:01:59","guid":{"rendered":"http:\/\/web.molina.cl\/?p=40520"},"modified":"2020-11-20T10:36:50","modified_gmt":"2020-11-20T14:36:50","slug":"instalan-barreras-sanitarias-de-forma-permanente-en-molina","status":"publish","type":"post","link":"https:\/\/web.molina.cl\/?p=40520","title":{"rendered":"Instalan barreras sanitarias de forma permanente en Molina"},"content":{"rendered":"\n<p><p align=\"justify\"><em>El control se hace efectivo en los principales accesos hacia la comuna de lunes a domingo, permitiendo derivar a un recinto de salud a quienes presenten s\u00edntomas de Corona virus.<\/em><\/p><\/p>\n\n\n\n<p><p align=\"justify\">Evitar la\npropagaci\u00f3n del Coronavirus y mantener a raya la delincuencia son los dos\nobjetivos principales del municipio de Molina al implementar barreras\nsanitarias permanentes en los cinco principales puntos de acceso a la comuna.<\/p><\/p>\n\n\n\n<p><p align=\"justify\">La medida\nfue instruida por la alcaldesa Priscilla Castillo y tiene car\u00e1cter de\npermanente, despleg\u00e1ndose de lunes a domingo el equipo de funcionarios para\ntomar la temperatura de los automovilistas y derivarlos de manera oportuna al\nCesfam de Lontu\u00e9 o al Hospital Santa Rosa en caso de presentar s\u00edntomas de\nCovid-19.<\/p><\/p>\n\n\n\n<p><\/p>\n\n\n\n<p><p align=\"justify\">Adem\u00e1s, personal de Carabineros se encuentra realizando un riguroso control vehicular, verificando la procedencia de los viajeros a trav\u00e9s de su Licencia de Conducir y asegur\u00e1ndose de que no tengan \u00f3rdenes judiciales vigentes.<\/p><\/p>\n\n\n\n<p><strong>NO QUEREMOS M\u00c1S CONTAGIOS<\/strong><\/p>\n\n\n\n<p align=\"justify\">Junto con\npoder indicar que esta disposici\u00f3n tendr\u00e1 vigencia por al menos todo el mes de\njulio, la alcaldesa Priscilla Castillo afirma que \u201ctenemos las barreras\nsanitarias en los cinco principales accesos de la comuna. Si la Licencia de\nConducir de quien maneja es de Molina, puede entrar; de lo contrario, la idea\nes que se devuelvan a su lugar de origen\u201d.<\/p>\n\n\n\n<p align=\"justify\">De igual\nmanera, la autoridad se\u00f1al\u00f3 que \u201cpara nosotros es muy importante cuidar a todos\nlos vecinos, que no haya m\u00e1s contagios y para eso tenemos que tomar \u00e9stas y\notras medidas, como el uso obligatorio de mascarillas que ese est\u00e1 exigiendo en\nlos diversos sectores, cursando las multas a quienes no cumplan\u201d.<\/p>\n","protected":false},"excerpt":{"rendered":"<p>El control se hace efectivo en los principales accesos hacia la comuna de lunes a domingo, permitiendo derivar a un recinto de salud a quienes presenten s\u00edntomas de Corona virus. Evitar la propagaci\u00f3n del Coronavirus y mantener a raya la delincuencia son los dos objetivos principales del municipio de Molina al implementar barreras sanitarias permanentes [&hellip;]<\/p>\n","protected":false},"author":1,"featured_media":40524,"comment_status":"closed","ping_status":"open","sticky":false,"template":"","format":"standard","meta":{"footnotes":""},"categories":[3027,44,7],"tags":[3064,3019,2298,3066],"_links":{"self":[{"href":"https:\/\/web.molina.cl\/index.php?rest_route=\/wp\/v2\/posts\/40520"}],"collection":[{"href":"https:\/\/web.molina.cl\/index.php?rest_route=\/wp\/v2\/posts"}],"about":[{"href":"https:\/\/web.molina.cl\/index.php?rest_route=\/wp\/v2\/types\/post"}],"author":[{"embeddable":true,"href":"https:\/\/web.molina.cl\/index.php?rest_route=\/wp\/v2\/users\/1"}],"replies":[{"embeddable":true,"href":"https:\/\/web.molina.cl\/index.php?rest_route=%2Fwp%2Fv2%2Fcomments&post=40520"}],"version-history":[{"count":5,"href":"https:\/\/web.molina.cl\/index.php?rest_route=\/wp\/v2\/posts\/40520\/revisions"}],"predecessor-version":[{"id":42201,"href":"https:\/\/web.molina.cl\/index.php?rest_route=\/wp\/v2\/posts\/40520\/revisions\/42201"}],"wp:featuredmedia":[{"embeddable":true,"href":"https:\/\/web.molina.cl\/index.php?rest_route=\/wp\/v2\/media\/40524"}],"wp:attachment":[{"href":"https:\/\/web.molina.cl\/index.php?rest_route=%2Fwp%2Fv2%2Fmedia&parent=40520"}],"wp:term":[{"taxonomy":"category","embeddable":true,"href":"https:\/\/web.molina.cl\/index.php?rest_route=%2Fwp%2Fv2%2Fcategories&post=40520"},{"taxonomy":"post_tag","embeddable":true,"href":"https:\/\/web.molina.cl\/index.php?rest_route=%2Fwp%2Fv2%2Ftags&post=40520"}],"curies":[{"name":"wp","href":"https:\/\/api.w.org\/{rel}","templated":true}]}}