{"id":39911,"date":"2020-05-27T14:29:17","date_gmt":"2020-05-27T14:29:17","guid":{"rendered":"http:\/\/web.molina.cl\/?p=39911"},"modified":"2020-11-20T10:57:51","modified_gmt":"2020-11-20T14:57:51","slug":"intensificaran-fiscalizacion-del-uso-de-mascarillas-en-molina","status":"publish","type":"post","link":"https:\/\/web.molina.cl\/?p=39911","title":{"rendered":"Intensificar\u00e1n fiscalizaci\u00f3n del uso de mascarillas en Molina"},"content":{"rendered":"\n<p><em>La determinaci\u00f3n fue anunciada por el municipio tras realizarse la sesi\u00f3n del Comit\u00e9 Comunal de Emergencia, medida que cont\u00f3 con el respaldo tanto de las organizaciones de salud como de Carabineros y Polic\u00eda de Investigaciones (PDI).<\/em><\/p>\n\n\n\n<p><p align=\"justify\">Una serie de medidas para hacer frente a la r\u00e1pida expansi\u00f3n del Coronavirus, implementar\u00e1 el municipio de Molina durante los pr\u00f3ximos d\u00edas, teniendo como principal objetivo evitar las aglomeraciones y sancionar a quienes no tomen las medidas preventivas instruidas por la autoridad sanitaria.<\/p><\/p>\n\n\n\n<p><p align=\"justify\">Es por ello que, a contar de hoy, se intensificar\u00e1 la fiscalizaci\u00f3n del uso de mascarillas en todos los lugares p\u00fablicos de la comuna; tarea que realizar\u00e1 el personal de Carabineros (que ya ha cursado m\u00e1s de 300 infracciones relacionadas con la pandemia) junto a los inspectores municipales.<\/p><\/p>\n\n\n\n<p align=\"justify\">As\u00ed lo inform\u00f3 la alcaldesa, Priscilla Castillo, quien manifest\u00f3 su preocupaci\u00f3n por el aumento de casos positivo de Covid-19 en tierras molinenses, por lo que \u201cle pedimos a Carabineros y a los inspectores municipales que fueran m\u00e1s estrictos con la fiscalizaci\u00f3n sobre el uso de mascarillas. Esto no es por molestar a las personas, sino porque hoy en d\u00eda a\u00fan vemos a gente que no las usa y por eso habr\u00e1 mucha m\u00e1s exigencia en la calle\u201d.<\/p>\n\n\n\n<p><strong>NUEVOS CASOS<\/strong><\/p>\n\n\n\n<p align=\"justify\">Al cierre de esta edici\u00f3n, se hab\u00edan reportado 16 casos positivos de Coronavirus al interior de la tur\u00edstica comuna, raz\u00f3n por la que la primera autoridad comunal evidenci\u00f3 la necesidad de agilizar los procesos entre instituciones cuando se conozca de alg\u00fan otro infectado.<\/p>\n\n\n\n<p align=\"justify\">\u201cEstamos muy complicados, porque ten\u00edamos siete casos y, en una semana, subimos a m\u00e1s del doble. Necesitamos que todos tomen conciencia y que las personas contagiadas se contacten con nosotros en caso de que necesiten comprar cosas o desinfectar alg\u00fan lugar de su hogar, porque en la medida en que todos colaboremos, podremos salir exitosamente de esta situaci\u00f3n\u201d, puntualiz\u00f3 la alcaldesa.<\/p>\n\n\n\n<p><strong>COMIT\u00c9 DE EMERGENCIAS<\/strong><\/p>\n\n\n\n<p align=\"justify\">Como todos los meses, el Comit\u00e9 Comunal de Emergencias sesion\u00f3 reuniendo a representantes de Carabineros, Polic\u00eda de Investigaciones (PDI), Defensa Civil, Cruz Roja y otros organismos, poniendo especial \u00e9nfasis en los reportes tanto del Centro de Salud Familiar (Cesfam) de Lontu\u00e9 como del Hospital Santa Rosa de Molina.<\/p>\n\n\n\n<p align=\"justify\">En la oportunidad, se abord\u00f3 la necesidad de disminuir las aglomeraciones en puntos estrat\u00e9gicos del centro comercial, como los Bancos y la Notar\u00eda, adem\u00e1s de continuar con las desinfecciones peri\u00f3dicas e instalaci\u00f3n de barreras sanitarias en fechas clave.<\/p>\n\n\n\n<p><strong>CANASTAS FAMILIARES<\/strong><\/p>\n\n\n\n<p align=\"justify\">Uno de los temas que mayor inter\u00e9s ha despertado en la ciudadan\u00eda ha sido el de la entrega de canastas familiares. Al respecto, Priscilla Castillo explic\u00f3 que \u201cel Gobierno ha hecho varios anuncios, pero las canastas todav\u00eda no han llegado. Nosotros, como comuna, las repartiremos en cada uno de los sectores, porque la idea es que la gente no salga de su lugar de residencia. Pero adem\u00e1s, como municipio, compramos las canastas para los adultos mayores y \u00e9stas las iremos distribuyendo en cada barrio\u201d.<\/p>\n\n\n\n<p align=\"justify\">Por lo mismo, \u201csolo deben concurrir f\u00edsicamente al Departamento Social de la Municipalidad aquellas personas que necesitan urgentemente la mercader\u00eda de la canasta familiar\u201d.<\/p>\n\n\n\n<p><strong>ATENCI\u00d3N EN EL GIMNASIO<\/strong><\/p>\n\n\n\n<p align=\"justify\">De igual forma, la jefa comunal se\u00f1al\u00f3 que, a partir de hoy, la atenci\u00f3n del Departamento Social se traslada al gimnasio municipal. Esto tiene como objetivo evitar la cercan\u00eda entre personas, entendiendo que constituye un factor de riesgo respecto al Covid-19.<\/p>\n\n\n\n<p align=\"justify\">\u201cHay mucha gente que viene para obtener o actualizar el Registro Social de Hogares, lo que les permite postular a los distintos beneficios que ofrece el Gobierno y queremos que lo hagan exponi\u00e9ndose lo menos posible al Coronavirus\u201d, puntualiz\u00f3 la alcaldesa<\/p>\n","protected":false},"excerpt":{"rendered":"<p>La determinaci\u00f3n fue anunciada por el municipio tras realizarse la sesi\u00f3n del Comit\u00e9 Comunal de Emergencia, medida que cont\u00f3 con el respaldo tanto de las organizaciones de salud como de Carabineros y Polic\u00eda de Investigaciones (PDI). Una serie de medidas para hacer frente a la r\u00e1pida expansi\u00f3n del Coronavirus, implementar\u00e1 el municipio de Molina durante [&hellip;]<\/p>\n","protected":false},"author":2,"featured_media":39917,"comment_status":"closed","ping_status":"open","sticky":false,"template":"","format":"standard","meta":{"footnotes":""},"categories":[3027,44,7],"tags":[20,3018,2398,316,3040,46],"_links":{"self":[{"href":"https:\/\/web.molina.cl\/index.php?rest_route=\/wp\/v2\/posts\/39911"}],"collection":[{"href":"https:\/\/web.molina.cl\/index.php?rest_route=\/wp\/v2\/posts"}],"about":[{"href":"https:\/\/web.molina.cl\/index.php?rest_route=\/wp\/v2\/types\/post"}],"author":[{"embeddable":true,"href":"https:\/\/web.molina.cl\/index.php?rest_route=\/wp\/v2\/users\/2"}],"replies":[{"embeddable":true,"href":"https:\/\/web.molina.cl\/index.php?rest_route=%2Fwp%2Fv2%2Fcomments&post=39911"}],"version-history":[{"count":4,"href":"https:\/\/web.molina.cl\/index.php?rest_route=\/wp\/v2\/posts\/39911\/revisions"}],"predecessor-version":[{"id":42206,"href":"https:\/\/web.molina.cl\/index.php?rest_route=\/wp\/v2\/posts\/39911\/revisions\/42206"}],"wp:featuredmedia":[{"embeddable":true,"href":"https:\/\/web.molina.cl\/index.php?rest_route=\/wp\/v2\/media\/39917"}],"wp:attachment":[{"href":"https:\/\/web.molina.cl\/index.php?rest_route=%2Fwp%2Fv2%2Fmedia&parent=39911"}],"wp:term":[{"taxonomy":"category","embeddable":true,"href":"https:\/\/web.molina.cl\/index.php?rest_route=%2Fwp%2Fv2%2Fcategories&post=39911"},{"taxonomy":"post_tag","embeddable":true,"href":"https:\/\/web.molina.cl\/index.php?rest_route=%2Fwp%2Fv2%2Ftags&post=39911"}],"curies":[{"name":"wp","href":"https:\/\/api.w.org\/{rel}","templated":true}]}}