{"id":38526,"date":"2020-02-05T15:21:59","date_gmt":"2020-02-05T15:21:59","guid":{"rendered":"http:\/\/web.molina.cl\/?p=38526"},"modified":"2020-11-20T11:21:42","modified_gmt":"2020-11-20T15:21:42","slug":"comienzan-obras-de-mejoramiento-de-viviendas-para-60-familias-de-molina","status":"publish","type":"post","link":"https:\/\/web.molina.cl\/?p=38526","title":{"rendered":"Comienzan obras de mejoramiento de viviendas para 60 familias de Molina"},"content":{"rendered":"\n<p>La esperada noticia recibieron m\u00e1s de 60 familias de Molina, quienes\nfueron notificadas del anhelado inicio de los trabajos de mejoramiento regular\nen sus casas.<\/p>\n\n\n\n<p>Se trata de dos conjuntos habitacionales conformados por la Egis\nMunicipal de Molina, entidad cuyas gestiones permitieron que sus integrantes se\nadjudicaran subsidios del Servicio de Vivienda y Ubranismo (Serviu) por 50\nUnidades de Fomento (UF).<\/p>\n\n\n\n<p>En estricto rigor, el comit\u00e9 \u201cLos Precisos\u201d congrega a una treintena de\nusuarios de todos los rincones de la tur\u00edstica comuna; mientras que \u201cValles de\nMolina\u201d contempla a vecinos de la primera y segunda etapa de dicha poblaci\u00f3n\ndel sector urbano.<\/p>\n\n\n\n<p><strong>TR\u00c1MITES EXPEDITOS<\/strong><\/p>\n\n\n\n<p>En palabras de la presidenta del grupo \u201cValles de Molina\u201d, Edith\nGuti\u00e9rrez, \u201cel proceso ha sido s\u00faper r\u00e1pido, porque somos un conjunto nuevo\u201d,\ndestacando que, en el camino, \u201cla propia alcaldesa ha estado con nosotros y los\nchicos de la Egis Municipal nos han apoyado cuando los hemos necesitado\u201d.<\/p>\n\n\n\n<p>Las obras est\u00e1n a cargo de la Constructora Anun, empresa que tiene un\nplazo m\u00e1ximo de seis meses para ejecutar las faenas, las que contemplan una\namplia gama de arreglos, dependiendo de la necesidad de cada hogar beneficiado.<\/p>\n\n\n\n<p>\u201cSon cosas puntuales, pero que hacen falta, porque no quedaron bien\nhechas. Por ejemplo, en mi casa ped\u00ed que reparen el cubre-piso del segundo nivel\nde mi casa, el encielado est\u00e1 dividido y las chapas de la puerta principal\u201d,\ndetalla Guti\u00e9rrez.<\/p>\n\n\n\n<p><strong>M\u00c1S GRUPOS<\/strong><\/p>\n\n\n\n<p>Con estos grupos, son en total cinco los conjuntos habitacionales que\ntendr\u00e1n inicio de obras este mes, mientras que en marzo debieran estar los\nresultados para otros siete comit\u00e9s que fueron postulados por la Egis\nMunicipal.<\/p>\n\n\n\n<p>El Coordinador de dicha entidad, C\u00e9sar Fuentealba, explica que \u201cla\napuesta de la alcaldesa Priscilla Castillo de formar esta Egis ha dado los\nresultados esperados, porque ya son m\u00e1s de 400 subsidios los que hemos logrado\npara la comuna\u201d, a\u00f1adiendo que todav\u00eda esperan formar m\u00e1s grupos para el\nsegundo llamado de Serviu, el que se prev\u00e9 que pueda ocurrir en junio o julio\nde este a\u00f1o.\n\n\u201cInvitamos\na todas las personas que deseen arreglar sus casas a que se acerquen a nuestras\noficinas ubicadas en la Galer\u00eda Quechereguas los lunes, mi\u00e9rcoles y viernes, de\n08:30 a 14:00 horas. Podemos ayudarles a postular a mejoramiento regular,\nmejoramiento t\u00e9rmico y a cambio de asbesto-cemento, seg\u00fan sea el caso; por lo\nque esperamos que cada vez m\u00e1s familias encuentren soluciones habitacionales\ncon nosotros\u201d, finaliz\u00f3 el profesional.\n\n\n\n<\/p>\n\n\n\n<figure class=\"wp-block-gallery columns-3 is-cropped wp-block-gallery-1 is-layout-flex wp-block-gallery-is-layout-flex\"><ul class=\"blocks-gallery-grid\"><li class=\"blocks-gallery-item\"><figure><a href=\"https:\/\/web.molina.cl\/wp-content\/uploads\/2020\/02\/resized_IMG_5531.jpg\"><img loading=\"lazy\" decoding=\"async\" width=\"900\" height=\"506\" src=\"https:\/\/web.molina.cl\/wp-content\/uploads\/2020\/02\/resized_IMG_5531.jpg\" alt=\"\" data-id=\"38527\" data-full-url=\"https:\/\/web.molina.cl\/wp-content\/uploads\/2020\/02\/resized_IMG_5531.jpg\" data-link=\"https:\/\/web.molina.cl\/?attachment_id=38527\" class=\"wp-image-38527\" srcset=\"https:\/\/web.molina.cl\/wp-content\/uploads\/2020\/02\/resized_IMG_5531.jpg 900w, https:\/\/web.molina.cl\/wp-content\/uploads\/2020\/02\/resized_IMG_5531-300x169.jpg 300w, https:\/\/web.molina.cl\/wp-content\/uploads\/2020\/02\/resized_IMG_5531-768x432.jpg 768w, https:\/\/web.molina.cl\/wp-content\/uploads\/2020\/02\/resized_IMG_5531-696x391.jpg 696w, https:\/\/web.molina.cl\/wp-content\/uploads\/2020\/02\/resized_IMG_5531-747x420.jpg 747w\" sizes=\"(max-width: 900px) 100vw, 900px\" \/><\/a><\/figure><\/li><li class=\"blocks-gallery-item\"><figure><a href=\"https:\/\/web.molina.cl\/wp-content\/uploads\/2020\/02\/resized_IMG_5532.jpg\"><img loading=\"lazy\" decoding=\"async\" width=\"900\" height=\"506\" src=\"https:\/\/web.molina.cl\/wp-content\/uploads\/2020\/02\/resized_IMG_5532.jpg\" alt=\"\" data-id=\"38528\" data-full-url=\"https:\/\/web.molina.cl\/wp-content\/uploads\/2020\/02\/resized_IMG_5532.jpg\" data-link=\"https:\/\/web.molina.cl\/?attachment_id=38528\" class=\"wp-image-38528\" srcset=\"https:\/\/web.molina.cl\/wp-content\/uploads\/2020\/02\/resized_IMG_5532.jpg 900w, https:\/\/web.molina.cl\/wp-content\/uploads\/2020\/02\/resized_IMG_5532-300x169.jpg 300w, https:\/\/web.molina.cl\/wp-content\/uploads\/2020\/02\/resized_IMG_5532-768x432.jpg 768w, https:\/\/web.molina.cl\/wp-content\/uploads\/2020\/02\/resized_IMG_5532-696x391.jpg 696w, https:\/\/web.molina.cl\/wp-content\/uploads\/2020\/02\/resized_IMG_5532-747x420.jpg 747w\" sizes=\"(max-width: 900px) 100vw, 900px\" \/><\/a><\/figure><\/li><li class=\"blocks-gallery-item\"><figure><a href=\"https:\/\/web.molina.cl\/wp-content\/uploads\/2020\/02\/resized_IMG_5535.jpg\"><img loading=\"lazy\" decoding=\"async\" width=\"900\" height=\"506\" src=\"https:\/\/web.molina.cl\/wp-content\/uploads\/2020\/02\/resized_IMG_5535.jpg\" alt=\"\" data-id=\"38529\" data-full-url=\"https:\/\/web.molina.cl\/wp-content\/uploads\/2020\/02\/resized_IMG_5535.jpg\" data-link=\"https:\/\/web.molina.cl\/?attachment_id=38529\" class=\"wp-image-38529\" srcset=\"https:\/\/web.molina.cl\/wp-content\/uploads\/2020\/02\/resized_IMG_5535.jpg 900w, https:\/\/web.molina.cl\/wp-content\/uploads\/2020\/02\/resized_IMG_5535-300x169.jpg 300w, https:\/\/web.molina.cl\/wp-content\/uploads\/2020\/02\/resized_IMG_5535-768x432.jpg 768w, https:\/\/web.molina.cl\/wp-content\/uploads\/2020\/02\/resized_IMG_5535-696x391.jpg 696w, https:\/\/web.molina.cl\/wp-content\/uploads\/2020\/02\/resized_IMG_5535-747x420.jpg 747w\" sizes=\"(max-width: 900px) 100vw, 900px\" \/><\/a><\/figure><\/li><li class=\"blocks-gallery-item\"><figure><a href=\"https:\/\/web.molina.cl\/wp-content\/uploads\/2020\/02\/resized_IMG_5538.jpg\"><img loading=\"lazy\" decoding=\"async\" width=\"900\" height=\"506\" src=\"https:\/\/web.molina.cl\/wp-content\/uploads\/2020\/02\/resized_IMG_5538.jpg\" alt=\"\" data-id=\"38530\" data-full-url=\"https:\/\/web.molina.cl\/wp-content\/uploads\/2020\/02\/resized_IMG_5538.jpg\" data-link=\"https:\/\/web.molina.cl\/?attachment_id=38530\" class=\"wp-image-38530\" srcset=\"https:\/\/web.molina.cl\/wp-content\/uploads\/2020\/02\/resized_IMG_5538.jpg 900w, https:\/\/web.molina.cl\/wp-content\/uploads\/2020\/02\/resized_IMG_5538-300x169.jpg 300w, https:\/\/web.molina.cl\/wp-content\/uploads\/2020\/02\/resized_IMG_5538-768x432.jpg 768w, https:\/\/web.molina.cl\/wp-content\/uploads\/2020\/02\/resized_IMG_5538-696x391.jpg 696w, https:\/\/web.molina.cl\/wp-content\/uploads\/2020\/02\/resized_IMG_5538-747x420.jpg 747w\" sizes=\"(max-width: 900px) 100vw, 900px\" \/><\/a><\/figure><\/li><li class=\"blocks-gallery-item\"><figure><a href=\"https:\/\/web.molina.cl\/wp-content\/uploads\/2020\/02\/resized_IMG_5557.jpg\"><img loading=\"lazy\" decoding=\"async\" width=\"900\" height=\"506\" src=\"https:\/\/web.molina.cl\/wp-content\/uploads\/2020\/02\/resized_IMG_5557.jpg\" alt=\"\" data-id=\"38531\" data-full-url=\"https:\/\/web.molina.cl\/wp-content\/uploads\/2020\/02\/resized_IMG_5557.jpg\" data-link=\"https:\/\/web.molina.cl\/?attachment_id=38531\" class=\"wp-image-38531\" srcset=\"https:\/\/web.molina.cl\/wp-content\/uploads\/2020\/02\/resized_IMG_5557.jpg 900w, https:\/\/web.molina.cl\/wp-content\/uploads\/2020\/02\/resized_IMG_5557-300x169.jpg 300w, https:\/\/web.molina.cl\/wp-content\/uploads\/2020\/02\/resized_IMG_5557-768x432.jpg 768w, https:\/\/web.molina.cl\/wp-content\/uploads\/2020\/02\/resized_IMG_5557-696x391.jpg 696w, https:\/\/web.molina.cl\/wp-content\/uploads\/2020\/02\/resized_IMG_5557-747x420.jpg 747w\" sizes=\"(max-width: 900px) 100vw, 900px\" \/><\/a><\/figure><\/li><li class=\"blocks-gallery-item\"><figure><a href=\"https:\/\/web.molina.cl\/wp-content\/uploads\/2020\/02\/resized_IMG_5563.jpg\"><img loading=\"lazy\" decoding=\"async\" width=\"900\" height=\"506\" src=\"https:\/\/web.molina.cl\/wp-content\/uploads\/2020\/02\/resized_IMG_5563.jpg\" alt=\"\" data-id=\"38532\" data-full-url=\"https:\/\/web.molina.cl\/wp-content\/uploads\/2020\/02\/resized_IMG_5563.jpg\" data-link=\"https:\/\/web.molina.cl\/?attachment_id=38532\" class=\"wp-image-38532\" srcset=\"https:\/\/web.molina.cl\/wp-content\/uploads\/2020\/02\/resized_IMG_5563.jpg 900w, https:\/\/web.molina.cl\/wp-content\/uploads\/2020\/02\/resized_IMG_5563-300x169.jpg 300w, https:\/\/web.molina.cl\/wp-content\/uploads\/2020\/02\/resized_IMG_5563-768x432.jpg 768w, https:\/\/web.molina.cl\/wp-content\/uploads\/2020\/02\/resized_IMG_5563-696x391.jpg 696w, https:\/\/web.molina.cl\/wp-content\/uploads\/2020\/02\/resized_IMG_5563-747x420.jpg 747w\" sizes=\"(max-width: 900px) 100vw, 900px\" \/><\/a><\/figure><\/li><li class=\"blocks-gallery-item\"><figure><a href=\"https:\/\/web.molina.cl\/wp-content\/uploads\/2020\/02\/resized_IMG_5574.jpg\"><img loading=\"lazy\" decoding=\"async\" width=\"900\" height=\"506\" src=\"https:\/\/web.molina.cl\/wp-content\/uploads\/2020\/02\/resized_IMG_5574.jpg\" alt=\"\" data-id=\"38533\" data-full-url=\"https:\/\/web.molina.cl\/wp-content\/uploads\/2020\/02\/resized_IMG_5574.jpg\" data-link=\"https:\/\/web.molina.cl\/?attachment_id=38533\" class=\"wp-image-38533\" srcset=\"https:\/\/web.molina.cl\/wp-content\/uploads\/2020\/02\/resized_IMG_5574.jpg 900w, https:\/\/web.molina.cl\/wp-content\/uploads\/2020\/02\/resized_IMG_5574-300x169.jpg 300w, https:\/\/web.molina.cl\/wp-content\/uploads\/2020\/02\/resized_IMG_5574-768x432.jpg 768w, https:\/\/web.molina.cl\/wp-content\/uploads\/2020\/02\/resized_IMG_5574-696x391.jpg 696w, https:\/\/web.molina.cl\/wp-content\/uploads\/2020\/02\/resized_IMG_5574-747x420.jpg 747w\" sizes=\"(max-width: 900px) 100vw, 900px\" \/><\/a><\/figure><\/li><li class=\"blocks-gallery-item\"><figure><a href=\"https:\/\/web.molina.cl\/wp-content\/uploads\/2020\/02\/resized_IMG_5576.jpg\"><img loading=\"lazy\" decoding=\"async\" width=\"900\" height=\"506\" src=\"https:\/\/web.molina.cl\/wp-content\/uploads\/2020\/02\/resized_IMG_5576.jpg\" alt=\"\" data-id=\"38534\" data-full-url=\"https:\/\/web.molina.cl\/wp-content\/uploads\/2020\/02\/resized_IMG_5576.jpg\" data-link=\"https:\/\/web.molina.cl\/?attachment_id=38534\" class=\"wp-image-38534\" srcset=\"https:\/\/web.molina.cl\/wp-content\/uploads\/2020\/02\/resized_IMG_5576.jpg 900w, https:\/\/web.molina.cl\/wp-content\/uploads\/2020\/02\/resized_IMG_5576-300x169.jpg 300w, https:\/\/web.molina.cl\/wp-content\/uploads\/2020\/02\/resized_IMG_5576-768x432.jpg 768w, https:\/\/web.molina.cl\/wp-content\/uploads\/2020\/02\/resized_IMG_5576-696x391.jpg 696w, https:\/\/web.molina.cl\/wp-content\/uploads\/2020\/02\/resized_IMG_5576-747x420.jpg 747w\" sizes=\"(max-width: 900px) 100vw, 900px\" \/><\/a><\/figure><\/li><li class=\"blocks-gallery-item\"><figure><a href=\"https:\/\/web.molina.cl\/wp-content\/uploads\/2020\/02\/resized_IMG_5580.jpg\"><img loading=\"lazy\" decoding=\"async\" width=\"900\" height=\"506\" src=\"https:\/\/web.molina.cl\/wp-content\/uploads\/2020\/02\/resized_IMG_5580.jpg\" alt=\"\" data-id=\"38535\" data-full-url=\"https:\/\/web.molina.cl\/wp-content\/uploads\/2020\/02\/resized_IMG_5580.jpg\" data-link=\"https:\/\/web.molina.cl\/?attachment_id=38535\" class=\"wp-image-38535\" srcset=\"https:\/\/web.molina.cl\/wp-content\/uploads\/2020\/02\/resized_IMG_5580.jpg 900w, https:\/\/web.molina.cl\/wp-content\/uploads\/2020\/02\/resized_IMG_5580-300x169.jpg 300w, https:\/\/web.molina.cl\/wp-content\/uploads\/2020\/02\/resized_IMG_5580-768x432.jpg 768w, https:\/\/web.molina.cl\/wp-content\/uploads\/2020\/02\/resized_IMG_5580-696x391.jpg 696w, https:\/\/web.molina.cl\/wp-content\/uploads\/2020\/02\/resized_IMG_5580-747x420.jpg 747w\" sizes=\"(max-width: 900px) 100vw, 900px\" \/><\/a><\/figure><\/li><li class=\"blocks-gallery-item\"><figure><a href=\"https:\/\/web.molina.cl\/wp-content\/uploads\/2020\/02\/resized_IMG_5587.jpg\"><img loading=\"lazy\" decoding=\"async\" width=\"900\" height=\"506\" src=\"https:\/\/web.molina.cl\/wp-content\/uploads\/2020\/02\/resized_IMG_5587.jpg\" alt=\"\" data-id=\"38536\" data-full-url=\"https:\/\/web.molina.cl\/wp-content\/uploads\/2020\/02\/resized_IMG_5587.jpg\" data-link=\"https:\/\/web.molina.cl\/?attachment_id=38536\" class=\"wp-image-38536\" srcset=\"https:\/\/web.molina.cl\/wp-content\/uploads\/2020\/02\/resized_IMG_5587.jpg 900w, https:\/\/web.molina.cl\/wp-content\/uploads\/2020\/02\/resized_IMG_5587-300x169.jpg 300w, https:\/\/web.molina.cl\/wp-content\/uploads\/2020\/02\/resized_IMG_5587-768x432.jpg 768w, https:\/\/web.molina.cl\/wp-content\/uploads\/2020\/02\/resized_IMG_5587-696x391.jpg 696w, https:\/\/web.molina.cl\/wp-content\/uploads\/2020\/02\/resized_IMG_5587-747x420.jpg 747w\" sizes=\"(max-width: 900px) 100vw, 900px\" \/><\/a><\/figure><\/li><\/ul><\/figure>\n","protected":false},"excerpt":{"rendered":"<p>La esperada noticia recibieron m\u00e1s de 60 familias de Molina, quienes fueron notificadas del anhelado inicio de los trabajos de mejoramiento regular en sus casas. Se trata de dos conjuntos habitacionales conformados por la Egis Municipal de Molina, entidad cuyas gestiones permitieron que sus integrantes se adjudicaran subsidios del Servicio de Vivienda y Ubranismo (Serviu) [&hellip;]<\/p>\n","protected":false},"author":2,"featured_media":38531,"comment_status":"closed","ping_status":"open","sticky":false,"template":"","format":"standard","meta":{"footnotes":""},"categories":[3,4,6,9],"tags":[2461,206],"_links":{"self":[{"href":"https:\/\/web.molina.cl\/index.php?rest_route=\/wp\/v2\/posts\/38526"}],"collection":[{"href":"https:\/\/web.molina.cl\/index.php?rest_route=\/wp\/v2\/posts"}],"about":[{"href":"https:\/\/web.molina.cl\/index.php?rest_route=\/wp\/v2\/types\/post"}],"author":[{"embeddable":true,"href":"https:\/\/web.molina.cl\/index.php?rest_route=\/wp\/v2\/users\/2"}],"replies":[{"embeddable":true,"href":"https:\/\/web.molina.cl\/index.php?rest_route=%2Fwp%2Fv2%2Fcomments&post=38526"}],"version-history":[{"count":2,"href":"https:\/\/web.molina.cl\/index.php?rest_route=\/wp\/v2\/posts\/38526\/revisions"}],"predecessor-version":[{"id":38950,"href":"https:\/\/web.molina.cl\/index.php?rest_route=\/wp\/v2\/posts\/38526\/revisions\/38950"}],"wp:featuredmedia":[{"embeddable":true,"href":"https:\/\/web.molina.cl\/index.php?rest_route=\/wp\/v2\/media\/38531"}],"wp:attachment":[{"href":"https:\/\/web.molina.cl\/index.php?rest_route=%2Fwp%2Fv2%2Fmedia&parent=38526"}],"wp:term":[{"taxonomy":"category","embeddable":true,"href":"https:\/\/web.molina.cl\/index.php?rest_route=%2Fwp%2Fv2%2Fcategories&post=38526"},{"taxonomy":"post_tag","embeddable":true,"href":"https:\/\/web.molina.cl\/index.php?rest_route=%2Fwp%2Fv2%2Ftags&post=38526"}],"curies":[{"name":"wp","href":"https:\/\/api.w.org\/{rel}","templated":true}]}}