{"id":38039,"date":"2020-01-20T09:21:53","date_gmt":"2020-01-20T12:21:53","guid":{"rendered":"https:\/\/web.molina.cl\/?p=38039"},"modified":"2020-11-20T11:21:55","modified_gmt":"2020-11-20T15:21:55","slug":"lanzan-programa-inclusivo-para-personas-en-situacion-de-discapacidad-en-molina","status":"publish","type":"post","link":"https:\/\/web.molina.cl\/?p=38039","title":{"rendered":"Lanzan programa inclusivo para personas en situaci\u00f3n de discapacidad en Molina"},"content":{"rendered":"<p style=\"text-align: justify;\">Una importante jornada tuvo lugar en dependencias del Departamento Social del municipio molinense, con el lanzamiento de la Estrategia de Desarrollo Local Inclusivo (EDLI).<\/p>\n<p style=\"text-align: justify;\">Se trata de una iniciativa que busca mejorar la atenci\u00f3n a las personas en situaci\u00f3n de discapacidad, por lo que el primer paso fue congregar tanto a usuarios como familiares y profesionales del \u00e1rea para elaborar un diagn\u00f3stico sobre las principales necesidades a resolver.<\/p>\n<p style=\"text-align: justify;\">A cargo del proceso est\u00e1 la Oficina Municipal de la Discapacidad, entidad que ver\u00e1 potenciada su labor gracias a una importante inyecci\u00f3n de recursos de parte del Servicio Nacional de la Discapacidad (Senadis) para ejecutar la iniciativa, superando los 56 millones de pesos.<\/p>\n<p style=\"text-align: justify;\">\n<p style=\"text-align: justify;\"><strong>\u00c1MBITOS DE ACCI\u00d3N<\/strong><\/p>\n<p style=\"text-align: justify;\">El objetivo central de la actividad es mejorar la gesti\u00f3n municipal inclusiva, raz\u00f3n por la que se desarrollaron intensas conversaciones sobre seis temas principales: salud y autonom\u00eda; educaci\u00f3n; inserci\u00f3n laboral y acceso a la justicia; inclusi\u00f3n en cultura, deporte, turismo y recreaci\u00f3n; participaci\u00f3n social; y accesibilidad universal.<\/p>\n<p style=\"text-align: justify;\">Con los datos recopilados de la fase de diagn\u00f3stico, la Oficina de la Discapacidad elaborar\u00e1 un plan de trabajo, el cual estar\u00e1 disponible durante el pr\u00f3ximo mes y servir\u00e1 como hoja de ruta respecto al quehacer municipal en el \u00e1rea.<\/p>\n<p style=\"text-align: justify;\">La alcaldesa Priscilla Castillo explic\u00f3 que \u201cse trata de un proyecto al que postulamos y fuimos la \u00fanica comuna de la Regi\u00f3n del Maule en adjudic\u00e1rselo, lo que nos permitir\u00e1 generar muchas m\u00e1s oportunidades para las personas en situaci\u00f3n de discapacidad\u201d.<\/p>\n<p style=\"text-align: justify;\">Si bien, los recursos de Senadis est\u00e1n contemplados para alrededor de un a\u00f1o y medio para poner en ejecuci\u00f3n el programa, la jefa comunal asegur\u00f3 que \u201ccontinuaremos durante los siguientes a\u00f1os aplicando estas pol\u00edticas p\u00fablicas, ya que la idea es mejorar la calidad de vida de nuestra gente\u201d.<\/p>\n<p style=\"text-align: justify;\">\n<p style=\"text-align: justify;\"><strong>GRATA IMPRESI\u00d3N<\/strong><\/p>\n<p style=\"text-align: justify;\">Su entusiasmo mostraron los usuarios al participar de la jornada de diagn\u00f3stico, como fue el caso de Pamela Campos, quien tiene a un hijo con hipoacusia profunda bilateral.<\/p>\n<p style=\"text-align: justify;\">\u201cUno siempre se centraliza en la discapacidad que uno padece como familia, pero desconoce la realidad de otras familias. Por ejemplo, uno ve a gente en silla de ruedas, pero no le toma sentido a sus problemas cotidianos, como trasladarse de una calle a otra o hacer un tr\u00e1mite en el Banco. Creo que Molina va avanzando mucho m\u00e1s que otras comunas en el tema, se est\u00e1n abriendo puertas; aunque todav\u00eda falta mucho en lo laboral\u201d, se\u00f1al\u00f3.<\/p>\n<p style=\"text-align: justify;\">Por su parte, Luis Francisco Valverde, quien pese a sus problemas de movilidad, se dedica a la m\u00fasica, tuvo palabras para \u201cagradecer a la alcaldesa por la invitaci\u00f3n y por su compromiso con las personas en situaci\u00f3n de discapacidad. Estoy contento de que estas actividades se empiecen a desarrollar en la comuna, para que todos tengamos oportunidades. Ojal\u00e1 sigamos avanzando en la inclusi\u00f3n y seamos un pueblo m\u00e1s culto y unido\u201d.<\/p>\n\n","protected":false},"excerpt":{"rendered":"<p>Una importante jornada tuvo lugar en dependencias del Departamento Social del municipio molinense, con el lanzamiento de la Estrategia de Desarrollo Local Inclusivo (EDLI). Se trata de una iniciativa que busca mejorar la atenci\u00f3n a las personas en situaci\u00f3n de discapacidad, por lo que el primer paso fue congregar tanto a usuarios como familiares y [&hellip;]<\/p>\n","protected":false},"author":2,"featured_media":38408,"comment_status":"closed","ping_status":"closed","sticky":false,"template":"","format":"standard","meta":{"footnotes":""},"categories":[3,4],"tags":[2973,2974],"_links":{"self":[{"href":"https:\/\/web.molina.cl\/index.php?rest_route=\/wp\/v2\/posts\/38039"}],"collection":[{"href":"https:\/\/web.molina.cl\/index.php?rest_route=\/wp\/v2\/posts"}],"about":[{"href":"https:\/\/web.molina.cl\/index.php?rest_route=\/wp\/v2\/types\/post"}],"author":[{"embeddable":true,"href":"https:\/\/web.molina.cl\/index.php?rest_route=\/wp\/v2\/users\/2"}],"replies":[{"embeddable":true,"href":"https:\/\/web.molina.cl\/index.php?rest_route=%2Fwp%2Fv2%2Fcomments&post=38039"}],"version-history":[{"count":1,"href":"https:\/\/web.molina.cl\/index.php?rest_route=\/wp\/v2\/posts\/38039\/revisions"}],"predecessor-version":[{"id":38409,"href":"https:\/\/web.molina.cl\/index.php?rest_route=\/wp\/v2\/posts\/38039\/revisions\/38409"}],"wp:featuredmedia":[{"embeddable":true,"href":"https:\/\/web.molina.cl\/index.php?rest_route=\/wp\/v2\/media\/38408"}],"wp:attachment":[{"href":"https:\/\/web.molina.cl\/index.php?rest_route=%2Fwp%2Fv2%2Fmedia&parent=38039"}],"wp:term":[{"taxonomy":"category","embeddable":true,"href":"https:\/\/web.molina.cl\/index.php?rest_route=%2Fwp%2Fv2%2Fcategories&post=38039"},{"taxonomy":"post_tag","embeddable":true,"href":"https:\/\/web.molina.cl\/index.php?rest_route=%2Fwp%2Fv2%2Ftags&post=38039"}],"curies":[{"name":"wp","href":"https:\/\/api.w.org\/{rel}","templated":true}]}}