{"id":37336,"date":"2019-12-05T16:02:25","date_gmt":"2019-12-05T16:02:25","guid":{"rendered":"https:\/\/web.molina.cl\/?p=37336"},"modified":"2020-11-20T11:32:28","modified_gmt":"2020-11-20T15:32:28","slug":"entregan-detalles-sobre-consulta-ciudadana-en-molina","status":"publish","type":"post","link":"https:\/\/web.molina.cl\/?p=37336","title":{"rendered":"Entregan detalles sobre consulta ciudadana en Molina"},"content":{"rendered":"<p><strong><em>La alcaldesa Priscilla Castillo dio una conferencia de prensa junto a los ediles de Curic\u00f3, Licant\u00e9n y Rauco para invitar a la comunidad a ser part\u00edcipe de este proceso donde la gente podr\u00e1 tambi\u00e9n pronunciarse sobre el estallido social chileno.<\/em><\/strong><\/p>\n<p>Escuchar la voz de la gente es el objetivo de la in\u00e9dita consulta ciudadana que tendr\u00e1 lugar en Molina este 15 de diciembre, pleg\u00e1ndose as\u00ed al llamado de la Asociaci\u00f3n Chilena de Municipalidades (AChM).<\/p>\n<p>Se trata de una in\u00e9dita votaci\u00f3n en donde podr\u00e1n participar quienes tengan desde 14 a\u00f1os cumplidos, por lo que las autoridades esperan una masiva convocatoria en una jornada que servir\u00e1 para sondear la opini\u00f3n de la comunidad sobre un eventual cambio a la Constituci\u00f3n Pol\u00edtica del Estado.<\/p>\n<p>As\u00ed lo explic\u00f3 en conferencia de prensa la alcaldesa Priscilla Castillo (junto a sus pares de Curic\u00f3, Rauco y Licant\u00e9n), se\u00f1alando que \u201cpara nosotros es una nueva experiencia, en el sentido de que normalmente estamos acostumbrados a hacer votaciones para elegir a nuestras autoridades, pero esta consulta ciudadana ser\u00e1 la primera y quiero valorar eso, porque en definitiva el estallido social que hoy se produce se debe a que la gente demanda m\u00e1s participaci\u00f3n. Escuchamos mucho las opiniones de parlamentarios, Ministros y alcaldes a trav\u00e9s de los medios de comunicaci\u00f3n, pero en definitiva necesitamos saber cu\u00e1l es la decisi\u00f3n de la ciudadan\u00eda\u201d.<\/p>\n<p><strong>TRES PAPELETAS<\/strong><\/p>\n<p>Pero no solo sobre crear una nueva Constituci\u00f3n y el mecanismo para hacerlo podr\u00e1n pronunciarse los molinenses, ya que el voto contempla tres papeletas para recoger la opini\u00f3n sobre las principales demandas sociales del pa\u00eds: una sobre la Carta Fundamental, otra sobre los problemas m\u00e1s sensibles de la poblaci\u00f3n y la \u00faltima, con consultas locales.<\/p>\n<p>Por ejemplo, se pregunta sobre implementar la prohibici\u00f3n de ejercer cargos p\u00fablicos a quienes sean condenados por corrupci\u00f3n, o rebajar el impuesto a los productos de primera necesidad.<\/p>\n<p>De igual manera, se invita a establecer prioridades respecto a las problem\u00e1ticas populares, como delincuencia, transporte p\u00fablico, deuda universitaria, salud, educaci\u00f3n y pensiones, entre otros aspectos.<\/p>\n<p>Por \u00faltimo, tambi\u00e9n la papeleta considera un espacio para las tem\u00e1ticas locales, como si se prefiere realizar o no el Festival Folcl\u00f3rico de la Vendimia, implementar parqu\u00edmetros en el centro comercial y establecer las principales ocupaciones que debiera tener el municipio.<\/p>\n<p><strong>LLAMAN A VOLUNTARIOS<\/strong><\/p>\n<p>Un especial llamado hizo la alcaldesa molinense, Priscilla Castillo, a todos los interesados en que el proceso pueda desarrollarse con normalidad y transparencia.<\/p>\n<p>\u201cEs importante que la gente participe el 15 de diciembre, porque as\u00ed tendremos resultados objetivos de lo que quiere la comunidad. Como equipo municipal, tenemos preparada una reuni\u00f3n para este lunes en el teatro municipal, a las 20:00 horas, para todos los dirigentes de organizaciones sociales, deportivas, culturales y comunitarias; ya que necesitamos inscribir a 300 voluntarios de mesa para el d\u00eda de la votaci\u00f3n\u201d, dijo la jefa edilicia.<\/p>\n<p>Los locales para emitir el sufragio ser\u00e1n tres: el Liceo Polivalente de Molina, la Escuela Eduardo Frei Montalva de Lontu\u00e9 y la Escuela Las Palmas de Tres Esquinas.<\/p>\n<p>Los interesados en ser Voluntarios pueden inscribirse<a href=\"https:\/\/web.molina.cl\/?page_id=37301\"> Aqu\u00ed&nbsp;https:\/\/web.molina.cl\/?page_id=37301<\/a><\/p>\n<div class=\"fb-video\" data-href=\"https:\/\/www.facebook.com\/municipalidadmolina\/videos\/588465641901673\/\" data-width=\"700\"><\/div>\n<p><a href=\"https:\/\/web.molina.cl\/wp-content\/uploads\/2019\/12\/voto_1.jpg\"><img loading=\"lazy\" decoding=\"async\" class=\"aligncenter size-large wp-image-37338\" src=\"https:\/\/web.molina.cl\/wp-content\/uploads\/2019\/12\/voto_1-800x1024.jpg\" alt=\"\" width=\"700\" height=\"896\"><\/a><\/p>\n<p><a href=\"https:\/\/web.molina.cl\/wp-content\/uploads\/2019\/12\/voto_2.jpg\"><img loading=\"lazy\" decoding=\"async\" class=\"aligncenter size-large wp-image-37339\" src=\"https:\/\/web.molina.cl\/wp-content\/uploads\/2019\/12\/voto_2-1024x857.jpg\" alt=\"\" width=\"700\" height=\"586\"><\/a><\/p>\n<p><a href=\"https:\/\/web.molina.cl\/wp-content\/uploads\/2019\/12\/voto_3.jpg\"><img loading=\"lazy\" decoding=\"async\" class=\"aligncenter size-large wp-image-37340\" src=\"https:\/\/web.molina.cl\/wp-content\/uploads\/2019\/12\/voto_3-880x1024.jpg\" alt=\"\" width=\"700\" height=\"815\"><\/a><\/p>\n<p>&nbsp;<\/p>\n","protected":false},"excerpt":{"rendered":"<p>La alcaldesa Priscilla Castillo dio una conferencia de prensa junto a los ediles de Curic\u00f3, Licant\u00e9n y Rauco para invitar a la comunidad a ser part\u00edcipe de este proceso donde la gente podr\u00e1 tambi\u00e9n pronunciarse sobre el estallido social chileno. Escuchar la voz de la gente es el objetivo de la in\u00e9dita consulta ciudadana que [&hellip;]<\/p>\n","protected":false},"author":1,"featured_media":39252,"comment_status":"closed","ping_status":"closed","sticky":false,"template":"","format":"standard","meta":{"footnotes":""},"categories":[3,4,40,25],"tags":[],"_links":{"self":[{"href":"https:\/\/web.molina.cl\/index.php?rest_route=\/wp\/v2\/posts\/37336"}],"collection":[{"href":"https:\/\/web.molina.cl\/index.php?rest_route=\/wp\/v2\/posts"}],"about":[{"href":"https:\/\/web.molina.cl\/index.php?rest_route=\/wp\/v2\/types\/post"}],"author":[{"embeddable":true,"href":"https:\/\/web.molina.cl\/index.php?rest_route=\/wp\/v2\/users\/1"}],"replies":[{"embeddable":true,"href":"https:\/\/web.molina.cl\/index.php?rest_route=%2Fwp%2Fv2%2Fcomments&post=37336"}],"version-history":[{"count":2,"href":"https:\/\/web.molina.cl\/index.php?rest_route=\/wp\/v2\/posts\/37336\/revisions"}],"predecessor-version":[{"id":39254,"href":"https:\/\/web.molina.cl\/index.php?rest_route=\/wp\/v2\/posts\/37336\/revisions\/39254"}],"wp:featuredmedia":[{"embeddable":true,"href":"https:\/\/web.molina.cl\/index.php?rest_route=\/wp\/v2\/media\/39252"}],"wp:attachment":[{"href":"https:\/\/web.molina.cl\/index.php?rest_route=%2Fwp%2Fv2%2Fmedia&parent=37336"}],"wp:term":[{"taxonomy":"category","embeddable":true,"href":"https:\/\/web.molina.cl\/index.php?rest_route=%2Fwp%2Fv2%2Fcategories&post=37336"},{"taxonomy":"post_tag","embeddable":true,"href":"https:\/\/web.molina.cl\/index.php?rest_route=%2Fwp%2Fv2%2Ftags&post=37336"}],"curies":[{"name":"wp","href":"https:\/\/api.w.org\/{rel}","templated":true}]}}