{"id":37322,"date":"2019-12-04T11:02:03","date_gmt":"2019-12-04T11:02:03","guid":{"rendered":"https:\/\/web.molina.cl\/?p=37322"},"modified":"2020-11-20T11:32:32","modified_gmt":"2020-11-20T15:32:32","slug":"reconstruiran-biblioteca-publica-de-molina","status":"publish","type":"post","link":"https:\/\/web.molina.cl\/?p=37322","title":{"rendered":"Excelente noticia para los amantes de la Cultura, Artes y Letras: Reconstruir\u00e1n Biblioteca P\u00fablica de Molina"},"content":{"rendered":"<p style=\"text-align: justify;\">La cultura, las artes y las letras tendr\u00e1n un futuro m\u00e1s auspicioso en Molina tras el anuncio de reconstrucci\u00f3n del hist\u00f3rico edificio de su Biblioteca P\u00fablica.<\/p>\n<p style=\"text-align: justify;\">La noticia lleg\u00f3 tras la aprobaci\u00f3n del Consejo Regional a un proyecto por 94 millones setecientos seis mil pesos que present\u00f3 el municipio el a\u00f1o pasado bajo la modalidad del Fondo Regional de Iniciativa Local (FRIL).<\/p>\n<p style=\"text-align: justify;\">Cabe destacar que se trata de un recinto patrimonial que sufri\u00f3 los embates del mega-terremoto de 2010 y que, posteriormente, fue consumido por las llamas de un voraz incendio en 2015; raz\u00f3n por la que actualmente se encuentra sin uso.<\/p>\n<p style=\"text-align: justify;\">Su demacrado aspecto contrasta con el Liceo Bicentenario, llamado tambi\u00e9n el establecimiento m\u00e1s moderno del pa\u00eds por sus altos est\u00e1ndares de construcci\u00f3n. Por ello, las esperanzas molinenses est\u00e1n puestas en esta prometedora tarea.<\/p>\n<p style=\"text-align: justify;\"><strong>CONSERVACI\u00d3N<\/strong><\/p>\n<p style=\"text-align: justify;\">Las obras tienen contemplado un importante mejoramiento, pero manteniendo al m\u00e1ximo la est\u00e9tica y formalidad original de este edificio considerado patrimonial en Molina.<\/p>\n<p style=\"text-align: justify;\">Es por ello que se restaurar\u00e1n los muros perimetrales reforzando con malla met\u00e1lica electro soldada por ambas caras, se repondr\u00e1n los pavimentos tanto del primer nivel como del segundo, se instalar\u00e1 una estructura de metalcom en la cubierta y alerones de madera y contar\u00e1 con acceso universal.<\/p>\n<p style=\"text-align: justify;\"><strong>SECTOR REMODELADO<\/strong><\/p>\n<p style=\"text-align: justify;\">Tras conocer la aprobaci\u00f3n en Talca de los fondos del proyecto, la alcaldesa Priscilla Castillo tuvo palabras para \u201cagradecer a Cristina Bravo y a todo el Consejo Regional junto al Intendente por la asignaci\u00f3n de estos recursos, obviamente para nosotros era muy importante darle vida a este sector. Recordemos, que hace poco terminamos la construcci\u00f3n del Liceo Bicentenario y la remodelaci\u00f3n de la Avda. Poniente, as\u00ed que uno de los proyectos que nos quedaba pendiente era \u00e9ste\u201d.<\/p>\n<p style=\"text-align: justify;\">La primera autoridad comunal resalt\u00f3 tambi\u00e9n el sentido patrimonial del recinto, ya que \u201cesta biblioteca era antiguamente la casa del director de la Escuela N\u00b01 Presidente Balmaceda y, en alg\u00fan momento, llev\u00f3 el nombre de Camilo Prieto. Por eso es importante para nosotros poder restaurarla y ponerla a disposici\u00f3n de los amantes de la lectura, que en Molina son much\u00edsimos\u00bb.<a href=\"https:\/\/web.molina.cl\/wp-content\/uploads\/2019\/12\/resized_DSC_0015.jpg\"><img loading=\"lazy\" decoding=\"async\" class=\"aligncenter size-full wp-image-37323\" src=\"https:\/\/web.molina.cl\/wp-content\/uploads\/2019\/12\/resized_DSC_0015.jpg\" alt=\"\" width=\"900\" height=\"723\"><\/a><\/p>\n","protected":false},"excerpt":{"rendered":"<p>La cultura, las artes y las letras tendr\u00e1n un futuro m\u00e1s auspicioso en Molina tras el anuncio de reconstrucci\u00f3n del hist\u00f3rico edificio de su Biblioteca P\u00fablica. La noticia lleg\u00f3 tras la aprobaci\u00f3n del Consejo Regional a un proyecto por 94 millones setecientos seis mil pesos que present\u00f3 el municipio el a\u00f1o pasado bajo la modalidad [&hellip;]<\/p>\n","protected":false},"author":2,"featured_media":39250,"comment_status":"closed","ping_status":"closed","sticky":false,"template":"","format":"standard","meta":{"footnotes":""},"categories":[2,4,5,6],"tags":[924,2963,2964,2965],"_links":{"self":[{"href":"https:\/\/web.molina.cl\/index.php?rest_route=\/wp\/v2\/posts\/37322"}],"collection":[{"href":"https:\/\/web.molina.cl\/index.php?rest_route=\/wp\/v2\/posts"}],"about":[{"href":"https:\/\/web.molina.cl\/index.php?rest_route=\/wp\/v2\/types\/post"}],"author":[{"embeddable":true,"href":"https:\/\/web.molina.cl\/index.php?rest_route=\/wp\/v2\/users\/2"}],"replies":[{"embeddable":true,"href":"https:\/\/web.molina.cl\/index.php?rest_route=%2Fwp%2Fv2%2Fcomments&post=37322"}],"version-history":[{"count":2,"href":"https:\/\/web.molina.cl\/index.php?rest_route=\/wp\/v2\/posts\/37322\/revisions"}],"predecessor-version":[{"id":39251,"href":"https:\/\/web.molina.cl\/index.php?rest_route=\/wp\/v2\/posts\/37322\/revisions\/39251"}],"wp:featuredmedia":[{"embeddable":true,"href":"https:\/\/web.molina.cl\/index.php?rest_route=\/wp\/v2\/media\/39250"}],"wp:attachment":[{"href":"https:\/\/web.molina.cl\/index.php?rest_route=%2Fwp%2Fv2%2Fmedia&parent=37322"}],"wp:term":[{"taxonomy":"category","embeddable":true,"href":"https:\/\/web.molina.cl\/index.php?rest_route=%2Fwp%2Fv2%2Fcategories&post=37322"},{"taxonomy":"post_tag","embeddable":true,"href":"https:\/\/web.molina.cl\/index.php?rest_route=%2Fwp%2Fv2%2Ftags&post=37322"}],"curies":[{"name":"wp","href":"https:\/\/api.w.org\/{rel}","templated":true}]}}