{"id":3732,"date":"2015-10-25T14:06:18","date_gmt":"2015-10-25T17:06:18","guid":{"rendered":"http:\/\/web.molina.cl\/?p=3732"},"modified":"2020-11-24T12:56:57","modified_gmt":"2020-11-24T16:56:57","slug":"desfile-oficial-aniversario-lontue-180-anos","status":"publish","type":"post","link":"https:\/\/web.molina.cl\/?p=3732","title":{"rendered":"Desfile Oficial Aniversario Lontu\u00e9 180 a\u00f1os"},"content":{"rendered":"<p style=\"text-align: justify;\">Con un gran Desfile, de casi 2 horas de duraci\u00f3n, celebramos el aniversario n\u00famero 180 de Lontu\u00e9. En la que participaron autoridades, organizaciones comunitarias, comunidad docente, entre otros. Los que desfilaron por la avenida 7 abril.<!--more--><\/p>\n<p style=\"text-align: justify;\">En la ocasi\u00f3n las autoridades presentes fueron: alcaldesa de Molina, Priscilla Castillo, Gobernadora Provincial, Cristina Bravo, los concejales Gaby Fuentes, Julio Seguel, Patricio Vergara, Felipe M\u00e9ndez y Hugo Guajardo, Jaime Rossel, Jefe de Investigaci\u00f3n Criminal de Molina PDI, H\u00e9ctor Fuentes, Teniente de Carabineros y David Mart\u00ednez, p\u00e1rroco de la Iglesia San Bonifacio.<\/p>\n<p style=\"text-align: justify;\">La banda instrumental del Regimiento de Infanter\u00eda de Talca, bajo la direcci\u00f3n del sub oficial Miguel Mena Opazo, fueron los que estuvieron a cargo de iniciar el desfile y entregar al p\u00fablico asistente las melod\u00edas de marcha y honores para sus participantes.<\/p>\n<p style=\"text-align: justify;\">El desfile se inici\u00f3 con el ingreso de una peque\u00f1a victoria, tirada por un caballo percher\u00f3n, en la que ven\u00edan las m\u00e1ximas autoridades, la gobernadora, Cristina Bravo y la edil, Priscilla Castillo, las que fueron ovacionadas al un\u00edsono.<\/p>\n<p style=\"text-align: justify;\">Despu\u00e9s de los saludos de rigor, se cant\u00f3 el himno nacional y se iz\u00f3 la bandera patria, junto con la bandera con escudo de la localidad de Lontu\u00e9. Inmediatamente, entraron los huasos, para ofrecerles a las autoridades, el cacho con vino y de esa forma, seg\u00fan protocolo, hacer honor a la tierra y sus frutos.<\/p>\n<p style=\"text-align: justify;\">Se realiz\u00f3 tambi\u00e9n un hermoso pie de cueca de 6 alumnas de la Escuela Eduardo Frei Montalva, las que motivaron al p\u00fablico presente con sus zapateos y pa\u00f1uelos al viento. Y adem\u00e1s, se galardonaron a 4 personas de Lontu\u00e9, elegidos por la comisi\u00f3n organizadora, como Vecinos Destacados: Orosman Aquiles Aros Briones, Mar\u00eda Eugenia Silva Mart\u00ednez, Marisol Guajardo Toledo y Domingo Hern\u00e1n Hern\u00e1ndez Bravo.<\/p>\n<p style=\"text-align: justify;\">A continuaci\u00f3n, la alcaldesa de Molina, Priscilla Castillo, realiz\u00f3 un discurso refiri\u00e9ndose a los proyectos realizados, tales como: instalaci\u00f3n de sem\u00e1foros, Pavimentos, mejoramientos ciclov\u00edas y de iluminaci\u00f3n, construcci\u00f3n de lomos de toro, un 70% en la construcci\u00f3n de la escuela Eduardo Frei, entre otros. Y se\u00f1al\u00f3 adem\u00e1s, de los proyectos que faltan por hacer, tales como: la compra de terreno para un nuevo Cesfam y la reconstrucci\u00f3n del Liceo Juan Morales de Lontu\u00e9 y que pretende terminarlo en el a\u00f1o 2016.<\/p>\n<p style=\"text-align: justify;\">Una vez que la gobernadora, dijo: \u201cAutorizado\u201d, solicitud realizada por el capit\u00e1n, Juan Mu\u00f1oz, de la 4ta compa\u00f1\u00eda de Bomberos en Lontu\u00e9, se dio inicio al desfile.<\/p>\n<p style=\"text-align: justify;\">Los primeros fueron los bomberos de la 4ta compa\u00f1\u00eda de Lontu\u00e9, momento en la cual, la banda del regimiento le da el pase al orfe\u00f3n juvenil de Molina, los que se encargaron de musicalizar todo el desfile.<\/p>\n<p style=\"text-align: justify;\">Los participantes del desfile fueron: jardines infantiles VTF, Junji e Integra. Organizaciones de Adultos Mayores y de Servicio a la Comunidad, y los estamentos educaciones: Escuela Eduardo Frei Montalva, Liceo Juan Morales Colegio Altihu\u00e9, motockeros,&nbsp; autos \u201cenchulados\u201d y la batucada \u201cCreactiva de Lontu\u00e9\u201d.<\/p>\n<p style=\"text-align: justify;\">El desfile oficial a cargo de conmemorar los 180 a\u00f1os de Lontu\u00e9, fue un hermoso espect\u00e1culo, que todas las familias pudieron disfrutar.<\/p>\n\n<p style=\"text-align: justify;\">\n","protected":false},"excerpt":{"rendered":"<p>Con un gran Desfile, de casi 2 horas de duraci\u00f3n, celebramos el aniversario n\u00famero 180 de Lontu\u00e9. En la que participaron autoridades, organizaciones comunitarias, comunidad docente, entre otros. Los que desfilaron por la avenida 7 abril.<\/p>\n","protected":false},"author":1,"featured_media":3968,"comment_status":"open","ping_status":"open","sticky":false,"template":"","format":"standard","meta":{"footnotes":""},"categories":[3,4,5,21],"tags":[570,571,572,365,573,574,575,513,576,577,578,457,579,580,581,458,582,583,584,585,586,50,587],"_links":{"self":[{"href":"https:\/\/web.molina.cl\/index.php?rest_route=\/wp\/v2\/posts\/3732"}],"collection":[{"href":"https:\/\/web.molina.cl\/index.php?rest_route=\/wp\/v2\/posts"}],"about":[{"href":"https:\/\/web.molina.cl\/index.php?rest_route=\/wp\/v2\/types\/post"}],"author":[{"embeddable":true,"href":"https:\/\/web.molina.cl\/index.php?rest_route=\/wp\/v2\/users\/1"}],"replies":[{"embeddable":true,"href":"https:\/\/web.molina.cl\/index.php?rest_route=%2Fwp%2Fv2%2Fcomments&post=3732"}],"version-history":[{"count":1,"href":"https:\/\/web.molina.cl\/index.php?rest_route=\/wp\/v2\/posts\/3732\/revisions"}],"predecessor-version":[{"id":42730,"href":"https:\/\/web.molina.cl\/index.php?rest_route=\/wp\/v2\/posts\/3732\/revisions\/42730"}],"wp:featuredmedia":[{"embeddable":true,"href":"https:\/\/web.molina.cl\/index.php?rest_route=\/"}],"wp:attachment":[{"href":"https:\/\/web.molina.cl\/index.php?rest_route=%2Fwp%2Fv2%2Fmedia&parent=3732"}],"wp:term":[{"taxonomy":"category","embeddable":true,"href":"https:\/\/web.molina.cl\/index.php?rest_route=%2Fwp%2Fv2%2Fcategories&post=3732"},{"taxonomy":"post_tag","embeddable":true,"href":"https:\/\/web.molina.cl\/index.php?rest_route=%2Fwp%2Fv2%2Ftags&post=3732"}],"curies":[{"name":"wp","href":"https:\/\/api.w.org\/{rel}","templated":true}]}}