{"id":3478,"date":"2015-10-16T15:35:36","date_gmt":"2015-10-16T18:35:36","guid":{"rendered":"http:\/\/web.molina.cl\/?p=3478"},"modified":"2020-11-24T12:57:09","modified_gmt":"2020-11-24T16:57:09","slug":"celebramos-el-dia-internacional-de-la-mujer-rural-en-lontue","status":"publish","type":"post","link":"https:\/\/web.molina.cl\/?p=3478","title":{"rendered":"Celebramos el d\u00eda internacional de la Mujer rural en Lontu\u00e9"},"content":{"rendered":"<p style=\"text-align: justify;\">La Fundaci\u00f3n Prodemu, Promoci\u00f3n y desarrollo de la Mujer, en conjunto con la municipalidad de Molina, organizaron un encuentro de mujeres en el gimnasio de Lontu\u00e9, para conmemorar el d\u00eda internacional de la mujer rural, que se celebr\u00f3 el jueves 15 de octubre.<!--more--><\/p>\n<p style=\"text-align: justify;\">Asistieron al encuentro, la alcaldesa de Molina, Priscilla Castillo, concejala, Gaby Fuentes RN, delegado de la municipalidad, Mario Salazar, la directora ejecutiva provincial de Prodemu, Paula Ja\u00f1a y la agrupaci\u00f3n \u201cMujeres Activas de Lontu\u00e9\u201d.<\/p>\n<p style=\"text-align: justify;\">La actividad consisti\u00f3 en una muestra teatral a cargo de la compa\u00f1\u00eda de teatro \u201cTeatro a la Fuerza\u201d de Molina, los que realizaron una obra ejemplificando el rol de la mujer en su hogar y la convivencia con su marido o pareja. El objetivo principal era que la audiencia se sintiera reflejada con lo que estaban viendo, seg\u00fan lo que nos cont\u00f3, Paula Ja\u00f1a, directora Provincial de Prodemu.<\/p>\n<p style=\"text-align: justify;\">Para Priscilla Castillo, edil de la comuna, \u201cla labor del Prodemu en la provincia y en nuestra comuna es fundamental, para sacar adelante a estas mujeres que lo necesitan, adem\u00e1s ellas aprender a enriquecerse como personas\u201d.<\/p>\n<p style=\"text-align: justify;\">Lontu\u00e9 fue elegido como lugar de encuentro de esta celebraci\u00f3n, debido a su importancia y al papel primordial que tienen las mujeres campesinas en nuestra comuna. El grupo \u201cMujeres Activas de Lontu\u00e9\u201d, realiz\u00f3 adem\u00e1s, una exposici\u00f3n de artesan\u00eda de tejidos a telar que ellas est\u00e1n haciendo.&nbsp; Por su parte, la alcaldesa mencion\u00f3 que \u201cNos vamos a encargar que todos los trabajos preciosos que est\u00e1n haciendo estas mujeres, la comunidad los conozca\u201d.<\/p>\n<p style=\"text-align: justify;\">Por su parte, Paula Ja\u00f1a, director provincial de Prodemu, se\u00f1al\u00f3 que: \u201cCada actividad que ellos realizan se enmarca con la tem\u00e1tica de g\u00e9nero, esa es una de la propuesta de la presidenta, Michel Bachellet, que es fomentar y dar las herramientas necesarias a nuestras mujeres para que sean sujetas de derecho.<\/p>\n<p style=\"text-align: justify;\">La celebraci\u00f3n finaliz\u00f3 con una an\u00e1lisis grupal de la obra de teatro y con el compromiso de las mujeres de seguir trabajando en su autocuidado.<\/p>\n\n","protected":false},"excerpt":{"rendered":"<p>La Fundaci\u00f3n Prodemu, Promoci\u00f3n y desarrollo de la Mujer, en conjunto con la municipalidad de Molina, organizaron un encuentro de mujeres en el gimnasio de Lontu\u00e9, para conmemorar el d\u00eda internacional de la mujer rural, que se celebr\u00f3 el jueves 15 de octubre.<\/p>\n","protected":false},"author":1,"featured_media":3482,"comment_status":"open","ping_status":"open","sticky":false,"template":"","format":"standard","meta":{"footnotes":""},"categories":[3,4],"tags":[330,513,514,515,516,517,518,519,520,463],"_links":{"self":[{"href":"https:\/\/web.molina.cl\/index.php?rest_route=\/wp\/v2\/posts\/3478"}],"collection":[{"href":"https:\/\/web.molina.cl\/index.php?rest_route=\/wp\/v2\/posts"}],"about":[{"href":"https:\/\/web.molina.cl\/index.php?rest_route=\/wp\/v2\/types\/post"}],"author":[{"embeddable":true,"href":"https:\/\/web.molina.cl\/index.php?rest_route=\/wp\/v2\/users\/1"}],"replies":[{"embeddable":true,"href":"https:\/\/web.molina.cl\/index.php?rest_route=%2Fwp%2Fv2%2Fcomments&post=3478"}],"version-history":[{"count":1,"href":"https:\/\/web.molina.cl\/index.php?rest_route=\/wp\/v2\/posts\/3478\/revisions"}],"predecessor-version":[{"id":42737,"href":"https:\/\/web.molina.cl\/index.php?rest_route=\/wp\/v2\/posts\/3478\/revisions\/42737"}],"wp:featuredmedia":[{"embeddable":true,"href":"https:\/\/web.molina.cl\/index.php?rest_route=\/"}],"wp:attachment":[{"href":"https:\/\/web.molina.cl\/index.php?rest_route=%2Fwp%2Fv2%2Fmedia&parent=3478"}],"wp:term":[{"taxonomy":"category","embeddable":true,"href":"https:\/\/web.molina.cl\/index.php?rest_route=%2Fwp%2Fv2%2Fcategories&post=3478"},{"taxonomy":"post_tag","embeddable":true,"href":"https:\/\/web.molina.cl\/index.php?rest_route=%2Fwp%2Fv2%2Ftags&post=3478"}],"curies":[{"name":"wp","href":"https:\/\/api.w.org\/{rel}","templated":true}]}}