{"id":34140,"date":"2019-06-11T12:31:22","date_gmt":"2019-06-11T15:31:22","guid":{"rendered":"https:\/\/web.molina.cl\/?p=34140"},"modified":"2019-06-11T12:31:22","modified_gmt":"2019-06-11T15:31:22","slug":"escuela-casa-blanca-gano-la-final-en-molina-y-viajara-islandia","status":"publish","type":"post","link":"https:\/\/web.molina.cl\/?p=34140","title":{"rendered":"Escuela Casa Blanca se coron\u00f3 campe\u00f3n y viajar\u00e1 a Islandia a torneo Rey Cup"},"content":{"rendered":"<p style=\"text-align: justify;\">Una verdadera fiesta del f\u00fatbol se vivi\u00f3 en el estadio\u00a0 municipal con la final del torneo \u201cMolina Rumbo a Islandia\u201d.<\/p>\n<p style=\"text-align: justify;\">Con lleno total y hasta con relatos en vivo se disput\u00f3 la \u00faltima etapa del campeonato en donde el campe\u00f3n se gana el derecho de representar a la tur\u00edstica comuna y a Chile en el prestigioso torneo Rey Cup.<\/p>\n<p style=\"text-align: justify;\">La instancia, transmitida tambi\u00e9n por la se\u00f1al local de Canal 11, sirvi\u00f3 tambi\u00e9n para entregar la certificaci\u00f3n a quienes participaron del curso de arbitraje, en donde figuras como Mario Lepe y Juan Pablo Torrens dictaron c\u00e1tedra.<\/p>\n<p style=\"text-align: justify;\">Adem\u00e1s, en esta ocasi\u00f3n, tambi\u00e9n estuvieron observando y tomando apuntes dos hombres que hicieron historia con la camiseta de Colo-Colo al ganar la Copa Libertadores de Am\u00e9rica en 1991: Ra\u00fal Orme\u00f1o y Luis P\u00e9rez.<\/p>\n<p style=\"text-align: justify;\"><strong>TERCER LUGAR<\/strong><\/p>\n<p style=\"text-align: justify;\">Antes del gran evento, se jug\u00f3 el partido por el tercer lugar, en donde la Escuela San Pedro midi\u00f3 fuerzas con Liceo Bicentenario, dos escuadras que ya se hab\u00edan enfrentado en la fase grupal, con victoria para los \u00faltimos por 3-1.<\/p>\n<p style=\"text-align: justify;\">Sin embargo y pese a no contar con reservas en la banca, el cuadro vi\u00f1atero fue quien tom\u00f3 la iniciativa durante el primer lapso, mostrando mayor v\u00e9rtigo en el ataque y generando peligro tanto en el \u00e1rea chica como con disparos de media distancia.<\/p>\n<p style=\"text-align: justify;\">Fue as\u00ed como, en el minuto 21, Mat\u00edas Medina aprovech\u00f3 un rebote tras pase de Mat\u00edas \u00c1vila para, mediante un globito, abrir la cuenta antes del descanso. Era el 1-0.<\/p>\n<p style=\"text-align: justify;\">En la segunda mitad, Bicentenario parti\u00f3 con otra actitud tratando de cambiar su suerte; sin embargo, se le vino la noche con un tiro de esquina que Medina jug\u00f3 en corto con Thomas Ruiz, quien le devolvi\u00f3 el bal\u00f3n para un zapatazo que se col\u00f3 hasta el fondo de las redes para decretar el 2-0.<\/p>\n<p style=\"text-align: justify;\">Pese a lo anterior, a los 17 minutos, un carrer\u00f3n de Joaqu\u00edn Chamorro termin\u00f3 con una falta dentro del \u00e1rea sampedrina que el \u00e1rbitro no perdon\u00f3: penal para Bicentenario y Jos\u00e9 Oyarce marc\u00f3 el descuento. No obstante, no fue suficiente y el lance termin\u00f3 2-1 a favor de San Pedro.<\/p>\n<p style=\"text-align: justify;\"><strong>LA GRAN FINAL<\/strong><\/p>\n<p style=\"text-align: justify;\">Para el partido decisivo, el estadio municipal rug\u00eda como un le\u00f3n con los gritos de cada barra. Con la mente puesta en su objetivo, Casa Blanca y Eduardo Frei Montalva de Lontu\u00e9 saltaban al terreno con la ilusi\u00f3n de llegar a Islandia.<\/p>\n<p style=\"text-align: justify;\">Lejos de ponerse nerviosos, ambos elencos entraron con todo al ataque. Mientras Casa Blanca mostraba un exquisito toque de bal\u00f3n y una r\u00e1pida recuperaci\u00f3n en mitad del campo mediante Jos\u00e9 Ignacio Quezada y las gambetas de Eduardo Lillo con Misael Gaete; el cuadro presidencial apost\u00f3 por el cambio de velocidades y los balonazos largos que enviaba Cristofer Larra\u00edn a Franco Pacheco y a Nicol\u00e1s Llabul\u00e9n, quien emocionaba cada vez que tocaba el esf\u00e9rico.<\/p>\n<p style=\"text-align: justify;\">El partido era de ida y vuelta, cuando lleg\u00f3 el crucial minuto 13. Tras ataque lontuenino, la r\u00e1pida recuperaci\u00f3n del \u201cballet azul\u201d permiti\u00f3 que Quezada enviara un certero pase desde larga distancia para Sabi\u00e1n Flores, quien hizo gala de su rapidez y sus gambetas para burlar la defensa y eludir de manera magistral al arquero Diego Novoa.<\/p>\n<p style=\"text-align: justify;\">Con el arco a su disposici\u00f3n, el atacante avanz\u00f3 sin dudar y, con sangre fr\u00eda, ejecut\u00f3 un furibundo disparo que llev\u00f3 el bal\u00f3n hasta el fondo de la red y a su equipo hasta Europa. Los abrazos y gritos de gol fueron efusivos tras anotar el 1-0 que los instalaba en la Rey Cup.<\/p>\n<p style=\"text-align: justify;\">El segundo tiempo fue todav\u00eda m\u00e1s intenso, con ambas escuadras gener\u00e1ndose ocasiones, aunque las m\u00e1s claras las tuvo Casa Blanca, transformando en figura al golero Novoa.<\/p>\n<p style=\"text-align: justify;\">Pitazo final y se desat\u00f3 la alegr\u00eda, las miradas al cielo y las l\u00e1grimas de un cuadro que se coron\u00f3 campe\u00f3n ganando todos sus partidos y sin registrar ning\u00fan gol en contra.<\/p>\n<p style=\"text-align: justify;\"><strong>M\u00c1S QUE COMPETENCIA<\/strong><\/p>\n<p style=\"text-align: justify;\">Siguiendo atentamente el partido, la alcaldesa de Molina, Priscilla Castillo, indic\u00f3 que \u201cm\u00e1s que la competencia, lo que a nosotros nos interesa es que los ni\u00f1os vivan una experiencia distinta: aqu\u00ed, convivieron los distintos colegios, participaron los pap\u00e1s, profesores y alumnos. Adem\u00e1s, muchos tendr\u00e1n, por primera vez, la posibilidad de viajar en avi\u00f3n, junto con vivir un encuentro inolvidable con una cultura distinta y echar de menos a la familia para as\u00ed valorar m\u00e1s lo que tienen en su casa. Nos enorgullece mucho organizar esto con el municipio, el DAEM y la Fundaci\u00f3n Ganamos Todos\u201d.<\/p>\n<p style=\"text-align: justify;\">Los trece integrantes del equipo de Casa Blanca ser\u00e1n reforzados por otros cinco jugadores seleccionados por el entrenador, Cristian C\u00e9spedes, procedentes de los dem\u00e1s cuadros que compitieron.<\/p>\n<p style=\"text-align: justify;\">Adem\u00e1s, de forma in\u00e9dita, viajar\u00e1n tambi\u00e9n cinco ni\u00f1as para integrarse a una oncena que disputar\u00e1 la versi\u00f3n femenina de la Rey Cup, torneo que comienza en Islandia el 24 de julio.<\/p>\n<p>&nbsp;<\/p>\n<div class=\"fb-video\" data-href=\"https:\/\/www.facebook.com\/municipalidadmolina\/videos\/2049800485328663\/\" data-width=\"700\"><\/div>\n<p>&nbsp;<\/p>\n\n","protected":false},"excerpt":{"rendered":"<p>Una verdadera fiesta del f\u00fatbol se vivi\u00f3 en el estadio\u00a0 municipal con la final del torneo \u201cMolina Rumbo a Islandia\u201d. Con lleno total y hasta con relatos en vivo se disput\u00f3 la \u00faltima etapa del campeonato en donde el campe\u00f3n se gana el derecho de representar a la tur\u00edstica comuna y a Chile en el [&hellip;]<\/p>\n","protected":false},"author":2,"featured_media":34289,"comment_status":"open","ping_status":"open","sticky":false,"template":"","format":"standard","meta":{"footnotes":""},"categories":[35,4,5,40,21,64,25],"tags":[2920,706,2921,712,2889,502,193,2922,2923,2649],"_links":{"self":[{"href":"https:\/\/web.molina.cl\/index.php?rest_route=\/wp\/v2\/posts\/34140"}],"collection":[{"href":"https:\/\/web.molina.cl\/index.php?rest_route=\/wp\/v2\/posts"}],"about":[{"href":"https:\/\/web.molina.cl\/index.php?rest_route=\/wp\/v2\/types\/post"}],"author":[{"embeddable":true,"href":"https:\/\/web.molina.cl\/index.php?rest_route=\/wp\/v2\/users\/2"}],"replies":[{"embeddable":true,"href":"https:\/\/web.molina.cl\/index.php?rest_route=%2Fwp%2Fv2%2Fcomments&post=34140"}],"version-history":[{"count":0,"href":"https:\/\/web.molina.cl\/index.php?rest_route=\/wp\/v2\/posts\/34140\/revisions"}],"wp:featuredmedia":[{"embeddable":true,"href":"https:\/\/web.molina.cl\/index.php?rest_route=\/"}],"wp:attachment":[{"href":"https:\/\/web.molina.cl\/index.php?rest_route=%2Fwp%2Fv2%2Fmedia&parent=34140"}],"wp:term":[{"taxonomy":"category","embeddable":true,"href":"https:\/\/web.molina.cl\/index.php?rest_route=%2Fwp%2Fv2%2Fcategories&post=34140"},{"taxonomy":"post_tag","embeddable":true,"href":"https:\/\/web.molina.cl\/index.php?rest_route=%2Fwp%2Fv2%2Ftags&post=34140"}],"curies":[{"name":"wp","href":"https:\/\/api.w.org\/{rel}","templated":true}]}}