{"id":3271,"date":"2015-10-09T10:01:23","date_gmt":"2015-10-09T13:01:23","guid":{"rendered":"http:\/\/web.molina.cl\/?p=3271"},"modified":"2020-11-24T12:58:28","modified_gmt":"2020-11-24T16:58:28","slug":"cata-de-vino-en-plaza-de-molina","status":"publish","type":"post","link":"https:\/\/web.molina.cl\/?p=3271","title":{"rendered":"Cata de vino en plaza de Molina"},"content":{"rendered":"<p style=\"text-align: justify;\">Con una cata de vinos, se celebr\u00f3 el d\u00eda internacional del Turismo, en la plaza de Molina. A cargo de la Ruta del Vino Valle de Curic\u00f3.<!--more--><br \/>\nLa actividad comenz\u00f3 a las 12 del d\u00eda&nbsp; y termin\u00f3 a las 18 horas y cont\u00f3 con la presencia de la se\u00f1ora gobernadora, Cristina Bravo, la alcaldesa de Molina, Priscilla Castillo, concejal, Julio Seguel PS y Hugo Guajardo UDI.<\/p>\n<p style=\"text-align: justify;\">Se instal\u00f3 en plena plaza una carpa para recibir a todas las personas que se inscribieron en la oficina de Fomento Productivo y de Turismo. Las que tuvieron la oportunidad de aprender y degustar 3 cepas diferentes. Las vi\u00f1as a cargos fueron: San Pedro, Aresti y Echeverr\u00eda, quienes a trav\u00e9s de sus en\u00f3logos, ense\u00f1aron a la comunidad diferencias sabores y texturas, en el marco de la Ruta del Vino Valle Curic\u00f3.<br \/>\n<a href=\"https:\/\/web.molina.cl\/wp-content\/uploads\/2015\/10\/cata-de-vino-plaza-de-molina-3.jpg\"><img loading=\"lazy\" decoding=\"async\" class=\" td-modal-image aligncenter wp-image-3274 size-full\" src=\"https:\/\/web.molina.cl\/wp-content\/uploads\/2015\/10\/cata-de-vino-plaza-de-molina-3.jpg\" alt=\"cata-de-vino-plaza-de-molina-3\" width=\"960\" height=\"540\"><\/a><br \/>\nEn su oportunidad la alcaldesa, Priscilla Castillo se\u00f1al\u00f3 que esta actividad pretende ir en apoyo del turismo de la comuna. \u201cQueremos que los turistas que lleguen a Molina vengan a la plaza y que conozcan mucho m\u00e1s de nuestros atractivos\u201d.<\/p>\n<p>Adem\u00e1s, se instal\u00f3 una peque\u00f1a muestra de artesan\u00eda local, que va de la mano con el fomento y apoyo a las organizaciones comunitarias. Las que participaron fueron: Entretelares, grupo de mujeres dedicadas al telar, Agriaromas, con productos de aceites refinados, Kumet\u00fan, artesan\u00edas con productos reutilizables y Seriando, serigraf\u00eda en metal.<\/p>\n<p style=\"text-align: justify;\"><a href=\"https:\/\/web.molina.cl\/wp-content\/uploads\/2015\/10\/cata-de-vino-plaza-de-molina-2.jpg\"><img loading=\"lazy\" decoding=\"async\" class=\" td-modal-image aligncenter wp-image-3273 size-full\" src=\"https:\/\/web.molina.cl\/wp-content\/uploads\/2015\/10\/cata-de-vino-plaza-de-molina-2.jpg\" alt=\"cata-de-vino-plaza-de-molina-2\" width=\"960\" height=\"540\"><\/a><\/p>\n","protected":false},"excerpt":{"rendered":"<p>Con una cata de vinos, se celebr\u00f3 el d\u00eda internacional del Turismo, en la plaza de Molina. A cargo de la Ruta del Vino Valle de Curic\u00f3.<\/p>\n","protected":false},"author":1,"featured_media":3272,"comment_status":"open","ping_status":"open","sticky":false,"template":"","format":"standard","meta":{"footnotes":""},"categories":[42,4,16,8],"tags":[454,455,456,457,458,459,50,460,461,462,463,464,465],"_links":{"self":[{"href":"https:\/\/web.molina.cl\/index.php?rest_route=\/wp\/v2\/posts\/3271"}],"collection":[{"href":"https:\/\/web.molina.cl\/index.php?rest_route=\/wp\/v2\/posts"}],"about":[{"href":"https:\/\/web.molina.cl\/index.php?rest_route=\/wp\/v2\/types\/post"}],"author":[{"embeddable":true,"href":"https:\/\/web.molina.cl\/index.php?rest_route=\/wp\/v2\/users\/1"}],"replies":[{"embeddable":true,"href":"https:\/\/web.molina.cl\/index.php?rest_route=%2Fwp%2Fv2%2Fcomments&post=3271"}],"version-history":[{"count":1,"href":"https:\/\/web.molina.cl\/index.php?rest_route=\/wp\/v2\/posts\/3271\/revisions"}],"predecessor-version":[{"id":42744,"href":"https:\/\/web.molina.cl\/index.php?rest_route=\/wp\/v2\/posts\/3271\/revisions\/42744"}],"wp:featuredmedia":[{"embeddable":true,"href":"https:\/\/web.molina.cl\/index.php?rest_route=\/"}],"wp:attachment":[{"href":"https:\/\/web.molina.cl\/index.php?rest_route=%2Fwp%2Fv2%2Fmedia&parent=3271"}],"wp:term":[{"taxonomy":"category","embeddable":true,"href":"https:\/\/web.molina.cl\/index.php?rest_route=%2Fwp%2Fv2%2Fcategories&post=3271"},{"taxonomy":"post_tag","embeddable":true,"href":"https:\/\/web.molina.cl\/index.php?rest_route=%2Fwp%2Fv2%2Ftags&post=3271"}],"curies":[{"name":"wp","href":"https:\/\/api.w.org\/{rel}","templated":true}]}}