{"id":3260,"date":"2015-10-02T10:35:50","date_gmt":"2015-10-02T13:35:50","guid":{"rendered":"http:\/\/web.molina.cl\/?p=3260"},"modified":"2020-11-24T12:58:33","modified_gmt":"2020-11-24T16:58:33","slug":"el-dia-2-de-octubre-se-celebro-el-dia-nacional-del-medio-ambiente","status":"publish","type":"post","link":"https:\/\/web.molina.cl\/?p=3260","title":{"rendered":"El d\u00eda 2 de Octubre se celebr\u00f3 el d\u00eda Nacional del Medio Ambiente"},"content":{"rendered":"<p style=\"text-align: justify;\">El d\u00eda 2 de Octubre se celebr\u00f3 el d\u00eda Nacional del Medio Ambiente. La Oficina de Medio Ambiente del municipio organiz\u00f3 una Feria&nbsp;de Medioambiente en la plaza de Molina durante la jornada de la ma\u00f1ana, donde participaron distintas organizaciones, tales como: CONAF, Liceo Padre Hurtado, Forjadores Ambientales Liceo Padre Hurtado, Escuela Casa Blanca, Protectora de Animales Arca de No\u00e9, Kumetun Reutilizaci\u00f3n, Oficina del Medio Ambiente y Consejo Ecol\u00f3gico Comunal.<!--more--><\/p>\n<p style=\"text-align: justify;\">La feria ten\u00eda como objetivo generar un espacio de di\u00e1logo, tanto entre los participantes como los transe\u00fantes, generar conciencia ambiental en la comuna y aprender un poco mas de c\u00f3mo cuidar nuestro medioambiente. Cabe mencionar que, ambos establecimientos educacionales participantes se encuentran dentro del Sistema de Certificaci\u00f3n Ambiental de Establecimientos Educacionales (SNCAE)&nbsp;al igual que el municipio, el cual se encuentra certificado en un nivel b\u00e1sico dentro del Sistema de Certificaci\u00f3n Ambiental Municipal (SCAM).<\/p>\n\n","protected":false},"excerpt":{"rendered":"<p>El d\u00eda 2 de Octubre se celebr\u00f3 el d\u00eda Nacional del Medio Ambiente. La Oficina de Medio Ambiente del municipio organiz\u00f3 una Feria&nbsp;de Medioambiente en la plaza de Molina durante la jornada de la ma\u00f1ana, donde participaron distintas organizaciones, tales como: CONAF, Liceo Padre Hurtado, Forjadores Ambientales Liceo Padre Hurtado, Escuela Casa Blanca, Protectora de [&hellip;]<\/p>\n","protected":false},"author":1,"featured_media":3266,"comment_status":"open","ping_status":"open","sticky":false,"template":"","format":"standard","meta":{"footnotes":""},"categories":[4,5,45],"tags":[217,445,446,447,448,449,450,154,451,452,159,453],"_links":{"self":[{"href":"https:\/\/web.molina.cl\/index.php?rest_route=\/wp\/v2\/posts\/3260"}],"collection":[{"href":"https:\/\/web.molina.cl\/index.php?rest_route=\/wp\/v2\/posts"}],"about":[{"href":"https:\/\/web.molina.cl\/index.php?rest_route=\/wp\/v2\/types\/post"}],"author":[{"embeddable":true,"href":"https:\/\/web.molina.cl\/index.php?rest_route=\/wp\/v2\/users\/1"}],"replies":[{"embeddable":true,"href":"https:\/\/web.molina.cl\/index.php?rest_route=%2Fwp%2Fv2%2Fcomments&post=3260"}],"version-history":[{"count":1,"href":"https:\/\/web.molina.cl\/index.php?rest_route=\/wp\/v2\/posts\/3260\/revisions"}],"predecessor-version":[{"id":42747,"href":"https:\/\/web.molina.cl\/index.php?rest_route=\/wp\/v2\/posts\/3260\/revisions\/42747"}],"wp:featuredmedia":[{"embeddable":true,"href":"https:\/\/web.molina.cl\/index.php?rest_route=\/"}],"wp:attachment":[{"href":"https:\/\/web.molina.cl\/index.php?rest_route=%2Fwp%2Fv2%2Fmedia&parent=3260"}],"wp:term":[{"taxonomy":"category","embeddable":true,"href":"https:\/\/web.molina.cl\/index.php?rest_route=%2Fwp%2Fv2%2Fcategories&post=3260"},{"taxonomy":"post_tag","embeddable":true,"href":"https:\/\/web.molina.cl\/index.php?rest_route=%2Fwp%2Fv2%2Ftags&post=3260"}],"curies":[{"name":"wp","href":"https:\/\/api.w.org\/{rel}","templated":true}]}}