{"id":3204,"date":"2015-09-29T11:27:20","date_gmt":"2015-09-29T14:27:20","guid":{"rendered":"http:\/\/web.molina.cl\/?p=3204"},"modified":"2020-11-24T12:58:35","modified_gmt":"2020-11-24T16:58:35","slug":"potro-becerro-belga-aldanes-esta-disponible-en-molina-para-mejorar-la-raza-equina","status":"publish","type":"post","link":"https:\/\/web.molina.cl\/?p=3204","title":{"rendered":"Potro \u201cBecerro\u201d belga aldan\u00e9s est\u00e1 disponible en Molina para mejorar la raza equina"},"content":{"rendered":"<p style=\"text-align: justify;\">Convenio Municipalidad y Haras del Ej\u00e9rcito de Chile a trav\u00e9s de INDAP. El potro \u201cBecerro\u201d tiene 5 a\u00f1os y su trabajo se extender\u00e1 hasta el mes de febrero de 2016 en Molina.<\/p>\n<p style=\"text-align: justify;\">Con un exhaustivo y dedicado trabajo realizado por la Municipalidad de Molina a trav\u00e9s de Prodesal, y en convenio efectuado con el Haras Nacional del Ej\u00e9rcito de Chile e INDAP, arrib\u00f3 a la comuna de Molina, el potro \u201cBecerro\u201d Belga Aldan\u00e9s de 5 a\u00f1os con la misi\u00f3n de mejorar la calidad en la productividad de la masa equina, contribuyendo al desarrollo en la pureza de las razas de tiro liviano y pesado, con la instalaci\u00f3n de una Estaci\u00f3n de Monta en el sector de Tres Esquinas.<!--more--><\/p>\n<p style=\"text-align: justify;\"><strong>ALCALDESA<\/strong><br \/>\nPara la Alcaldesa de la comuna, Priscilla Castillo Gerli, este convenio para el fomento equino, es una oportunidad que tienen los agricultores de mejorar el caballar de trabajo, su gen\u00e9tica y no perder esa tradici\u00f3n que existe en el campo de la comuna. \u201cPara nosotros haber firmado este convenio con el Ej\u00e9rcito de Chile, es entregar la oportunidad a muchos agricultores y campesinos de nuestra comuna que a\u00fan cuentan para producir y explotar sus campos el animal de trabajo, con la presencia de un potro raza fina como es \u201cBecerro\u201d estamos dando respuesta a quienes nos han manifestado esta inquietud y al mismo tiempo mantener esa tradici\u00f3n que siempre ha existido y a\u00fan mantienen nuestro peque\u00f1os agricultores en Molina\u201d. Acot\u00f3 la Alcaldesa. Luego agreg\u00f3, \u201cpara que la permanencia de este equino de raza fina sea provechosa estamos contratando al Veterinario Alejandro Gonz\u00e1lez Botello, profesional con vasta experiencia en este trabajo, el cual estar\u00e1 disponible para atender los requerimientos de los agricultores\u201d enfatiz\u00f3 la edil molinense.<\/p>\n<p style=\"text-align: justify;\"><strong>PERFIL ANIMAL<\/strong><br \/>\nEn cuanto al perfil que deben tener las yeguas a cruzar, deben ser de trabajo y pesar entre 450 a 550 kilos para no tener problemas al momento de parir. En cuanto a la temporada de apareamiento son los meses del a\u00f1o en que la especie concibe sus cr\u00edas para que estas nazcan en las mejores condiciones para su supervivencia. Por lo general es importante que las cr\u00edas nazcan en los meses m\u00e1s calurosos, porque es cuando hay mejores condiciones para la supervivencia tales como la cantidad de alimento disponible, la temperatura ambiente y factores sociales que proteger\u00e1n al reci\u00e9n nacido.<\/p>\n<p style=\"text-align: justify;\"><strong>INSCRIPCI\u00d3N<\/strong><br \/>\nPara los agricultores interesados en que su yegua de trabajo sea cruzada con \u201cBecerro\u201d, y as\u00ed mejorar la calidad de la raza y su gen\u00e9tica, deben dirigirse a la Galer\u00eda Quechereguas, ubicada en avenida Quechereguas, locales 2 y 3 y ser\u00e1n atendidos por personal de Prodesal, direcci\u00f3n encargada de la coordinaci\u00f3n y programa del convenio\u201d en la comuna.<\/p>\n<p style=\"text-align: justify;\"><a href=\"https:\/\/web.molina.cl\/wp-content\/uploads\/2015\/09\/alcaldesa-con-veterinario.jpg\"><img loading=\"lazy\" decoding=\"async\" class=\" td-modal-image aligncenter wp-image-3209 size-large\" src=\"https:\/\/web.molina.cl\/wp-content\/uploads\/2015\/09\/alcaldesa-con-veterinario-1024x576.jpg\" alt=\"alcaldesa-con-veterinario\" width=\"700\" height=\"394\"><\/a><\/p>\n","protected":false},"excerpt":{"rendered":"<p>Convenio Municipalidad y Haras del Ej\u00e9rcito de Chile a trav\u00e9s de INDAP. El potro \u201cBecerro\u201d tiene 5 a\u00f1os y su trabajo se extender\u00e1 hasta el mes de febrero de 2016 en Molina. Con un exhaustivo y dedicado trabajo realizado por la Municipalidad de Molina a trav\u00e9s de Prodesal, y en convenio efectuado con el Haras [&hellip;]<\/p>\n","protected":false},"author":1,"featured_media":3207,"comment_status":"open","ping_status":"open","sticky":false,"template":"","format":"standard","meta":{"footnotes":""},"categories":[42,3,4],"tags":[416,417,418,419,187,420,421,422,238,423],"_links":{"self":[{"href":"https:\/\/web.molina.cl\/index.php?rest_route=\/wp\/v2\/posts\/3204"}],"collection":[{"href":"https:\/\/web.molina.cl\/index.php?rest_route=\/wp\/v2\/posts"}],"about":[{"href":"https:\/\/web.molina.cl\/index.php?rest_route=\/wp\/v2\/types\/post"}],"author":[{"embeddable":true,"href":"https:\/\/web.molina.cl\/index.php?rest_route=\/wp\/v2\/users\/1"}],"replies":[{"embeddable":true,"href":"https:\/\/web.molina.cl\/index.php?rest_route=%2Fwp%2Fv2%2Fcomments&post=3204"}],"version-history":[{"count":1,"href":"https:\/\/web.molina.cl\/index.php?rest_route=\/wp\/v2\/posts\/3204\/revisions"}],"predecessor-version":[{"id":42748,"href":"https:\/\/web.molina.cl\/index.php?rest_route=\/wp\/v2\/posts\/3204\/revisions\/42748"}],"wp:featuredmedia":[{"embeddable":true,"href":"https:\/\/web.molina.cl\/index.php?rest_route=\/"}],"wp:attachment":[{"href":"https:\/\/web.molina.cl\/index.php?rest_route=%2Fwp%2Fv2%2Fmedia&parent=3204"}],"wp:term":[{"taxonomy":"category","embeddable":true,"href":"https:\/\/web.molina.cl\/index.php?rest_route=%2Fwp%2Fv2%2Fcategories&post=3204"},{"taxonomy":"post_tag","embeddable":true,"href":"https:\/\/web.molina.cl\/index.php?rest_route=%2Fwp%2Fv2%2Ftags&post=3204"}],"curies":[{"name":"wp","href":"https:\/\/api.w.org\/{rel}","templated":true}]}}