{"id":31968,"date":"2019-04-09T15:51:04","date_gmt":"2019-04-09T18:51:04","guid":{"rendered":"https:\/\/web.molina.cl\/?p=31968"},"modified":"2019-04-09T15:51:04","modified_gmt":"2019-04-09T18:51:04","slug":"mas-de-7-mil-personas-disfrutaron-la-expo-mascotas-en-molina","status":"publish","type":"post","link":"https:\/\/web.molina.cl\/?p=31968","title":{"rendered":"M\u00e1s de 7 mil personas disfrutaron la Expo Mascotas en Molina"},"content":{"rendered":"<p style=\"text-align: justify;\">Como si estuvieran explorando las tierras m\u00e1s ind\u00f3mitas del planeta, m\u00e1s de siete mil personas, entre adultos y ni\u00f1os, disfrutaron de una experiencia \u00fanica gracias a la Expo Mascotas en Molina.<\/p>\n<p style=\"text-align: justify;\">La instancia se realiz\u00f3 por primera vez en la comuna gracias al municipio comandado por la alcaldesa Priscilla Castillo junto al apoyo de la Corporaci\u00f3n Municipal de Turismo y dur\u00f3 tres d\u00edas, partiendo el viernes 5 de abril de manera gratuita, lo que convoc\u00f3 tanto a familias locales como de otras ciudades.<\/p>\n<p style=\"text-align: justify;\">Inclusive, se regalaron microchips para las mascotas, facilitando as\u00ed el registro que debe costear cada propietario de un animal, de acuerdo a la nueva ley en vigencia.<\/p>\n<p style=\"text-align: justify;\">\n<p style=\"text-align: justify;\"><strong>SELVA VIVA<\/strong><\/p>\n<p style=\"text-align: justify;\">En plena Plaza de Armas se instal\u00f3 la \u201cSelva Viva\u201d (proyecto que dirige el entom\u00f3logo Alfredo Ugarte), permitiendo que grandes y chicos realizaran un verdadero \u201ctour\u201d para conocer y tocar con sus propias manos la gran cantidad de mam\u00edferos, aves y reptiles disponibles, adem\u00e1s de aprender con los gu\u00edas de cada especie.<\/p>\n<p style=\"text-align: justify;\">Las estrellas de la jornada fueron las serpientes pit\u00f3n, el tuc\u00e1n y los papagayos, transform\u00e1ndose en fotograf\u00eda obligada para muchos.<\/p>\n<p style=\"text-align: justify;\">Pero el atractivo no se quedaba solo ah\u00ed, ya que tambi\u00e9n se sum\u00f3 una granja educativa y una serie de puestos de venta con accesorios para mascotas, en una verdadera feria que se mont\u00f3 en los costados del lugar.<\/p>\n<p style=\"text-align: justify;\">\n<p style=\"text-align: justify;\"><strong>SHOW DEL GATO JUANITO<\/strong><\/p>\n<p style=\"text-align: justify;\">El domingo tuvo la especial participaci\u00f3n de un personaje que anta\u00f1o hizo corear sus canciones a toda una generaci\u00f3n: El \u201cGato Juanito\u201d. Decenas de ni\u00f1os se congregaron alrededor del escenario para participar de los entretenidos concursos y disfrutar de la m\u00fasica de este personaje infantil.<\/p>\n<p style=\"text-align: justify;\">Uno de los momentos m\u00e1s divertidos fue la competencia de baile del popular juego en l\u00ednea \u201cFortnite\u201d, en donde damas y varones mostraron sus ingeniosos pasos ante la encendida concurrencia.<\/p>\n<p style=\"text-align: justify;\">\n<p style=\"text-align: justify;\"><strong>PODR\u00cdA REPETIRSE<\/strong><\/p>\n<p style=\"text-align: justify;\">El gerente de la Corporaci\u00f3n Municipal de Turismo, David Bugue\u00f1o, reconoci\u00f3 que \u201cestamos muy contentos con esta Expo Mascotas, una iniciativa de la alcaldesa Priscilla Castillo donde hemos tenido variadas actividades y nos visitaron alrededor de siete mil personas durante los tres d\u00edas\u201d, anunciando que est\u00e1 en sus planes repetir la instancia, ya que \u201cesperamos que \u00e9sta no sea la \u00fanica versi\u00f3n, tal como lo hemos hecho con la Expo Aves, cuya cuarta versi\u00f3n ser\u00e1 en octubre\u201d.<\/p>\n<div class=\"fb-video\" data-href=\"https:\/\/www.facebook.com\/municipalidadmolina\/videos\/2302724219943797\/\" data-width=\"700\"><\/div>\n<p>&nbsp;<\/p>\n\n","protected":false},"excerpt":{"rendered":"<p>Como si estuvieran explorando las tierras m\u00e1s ind\u00f3mitas del planeta, m\u00e1s de siete mil personas, entre adultos y ni\u00f1os, disfrutaron de una experiencia \u00fanica gracias a la Expo Mascotas en Molina. La instancia se realiz\u00f3 por primera vez en la comuna gracias al municipio comandado por la alcaldesa Priscilla Castillo junto al apoyo de la [&hellip;]<\/p>\n","protected":false},"author":2,"featured_media":32037,"comment_status":"open","ping_status":"open","sticky":false,"template":"","format":"standard","meta":{"footnotes":""},"categories":[4,16,64,8,25],"tags":[2878,873,2879,2880,2881,2882],"_links":{"self":[{"href":"https:\/\/web.molina.cl\/index.php?rest_route=\/wp\/v2\/posts\/31968"}],"collection":[{"href":"https:\/\/web.molina.cl\/index.php?rest_route=\/wp\/v2\/posts"}],"about":[{"href":"https:\/\/web.molina.cl\/index.php?rest_route=\/wp\/v2\/types\/post"}],"author":[{"embeddable":true,"href":"https:\/\/web.molina.cl\/index.php?rest_route=\/wp\/v2\/users\/2"}],"replies":[{"embeddable":true,"href":"https:\/\/web.molina.cl\/index.php?rest_route=%2Fwp%2Fv2%2Fcomments&post=31968"}],"version-history":[{"count":0,"href":"https:\/\/web.molina.cl\/index.php?rest_route=\/wp\/v2\/posts\/31968\/revisions"}],"wp:featuredmedia":[{"embeddable":true,"href":"https:\/\/web.molina.cl\/index.php?rest_route=\/"}],"wp:attachment":[{"href":"https:\/\/web.molina.cl\/index.php?rest_route=%2Fwp%2Fv2%2Fmedia&parent=31968"}],"wp:term":[{"taxonomy":"category","embeddable":true,"href":"https:\/\/web.molina.cl\/index.php?rest_route=%2Fwp%2Fv2%2Fcategories&post=31968"},{"taxonomy":"post_tag","embeddable":true,"href":"https:\/\/web.molina.cl\/index.php?rest_route=%2Fwp%2Fv2%2Ftags&post=31968"}],"curies":[{"name":"wp","href":"https:\/\/api.w.org\/{rel}","templated":true}]}}