{"id":31915,"date":"2019-04-05T16:05:53","date_gmt":"2019-04-05T19:05:53","guid":{"rendered":"https:\/\/web.molina.cl\/?p=31915"},"modified":"2020-11-20T11:56:08","modified_gmt":"2020-11-20T15:56:08","slug":"alcaldesa-de-molina-anuncia-nueva-posta-en-el-yacal-tras-donacion-de-terreno","status":"publish","type":"post","link":"https:\/\/web.molina.cl\/?p=31915","title":{"rendered":"Alcaldesa de Molina anuncia nueva Posta en El Yacal tras donaci\u00f3n de terreno"},"content":{"rendered":"<p style=\"text-align: justify;\">La salud no es todo, pero sin ella, todo lo dem\u00e1s es nada. Con eso en mente, la alcaldesa de Molina, Priscilla Castillo, anunci\u00f3 que el municipio ya cuenta con el terreno para construir la nueva Posta de Salud Rural para El Yacal.<\/p>\n<p style=\"text-align: justify;\">La buena noticia tiene lugar tras la desinteresada donaci\u00f3n que hizo la familia Van Bavel (propietarios de la empresa Frutifor) de un terreno con m\u00e1s de cinco mil metros cuadrados mediante la modalidad de comodato.<\/p>\n<p style=\"text-align: justify;\">Esto permitir\u00e1 que la entidad edilicia pueda iniciar el dise\u00f1o de lo que ser\u00e1 un recinto que albergar\u00e1 a pacientes de esta localidad cordillerana, pero tambi\u00e9n a los vecinos de Alupenhue, una comunidad con cada vez mayor cantidad de habitantes.<\/p>\n<p style=\"text-align: justify;\"><strong>DIFICULTADES<\/strong><\/p>\n<p style=\"text-align: justify;\">Para el municipio, esta iniciativa implicaba grandes dificultades debido a la ausencia de un sitio propio. \u201cEn realidad est\u00e1bamos muy preocupados de tener un terreno para la nueva posta. Hicimos todos los contactos a trav\u00e9s de nuestra Direcci\u00f3n de Salud para comunicarnos con Mar\u00eda Jes\u00fas y Andr\u00e9 (Van Bavel), hasta que recibimos la buena noticia de la familia sobre este terreno, el que no solo nos servir\u00e1 para tener la nueva Posta de Salud Rural de El Yacal, sino que tambi\u00e9n para diferentes proyectos comunitarios que queremos realizar\u201d, se\u00f1al\u00f3 la alcaldesa de Molina, Priscilla Castillo.<\/p>\n<p style=\"text-align: justify;\"><strong>SOLIDARIDAD<\/strong><\/p>\n<p style=\"text-align: justify;\">Perteneciente a una familia extranjera que lleg\u00f3 hace muchos a\u00f1os a El Yacal, Andr\u00e9 Van Bavel explic\u00f3 que \u201cpara nosotros es un honor que venga la alcaldesa con los directores municipales y ofrecer este sitio\u201d. Siempre acompa\u00f1ado de su hermana, Mar\u00eda Jes\u00fas, reconoce que el lugar \u201ces un bosque y no nos gusta mucho venir ac\u00e1, pero no hay nada m\u00e1s importante que aportar a este pueblo al que sentimos de forma muy cercana, porque llevamos m\u00e1s de 25 a\u00f1os trabajando ac\u00e1. Tenemos una fundaci\u00f3n y queremos ayudar en lo que podamos, as\u00ed que si esto resulta y funciona bien, seremos los m\u00e1s contentos\u201d.<\/p>\n<p style=\"text-align: justify;\">La solidaridad es uno de los aspectos que destaca tambi\u00e9n Celinda M\u00e1rquez, t\u00e9cnico en enfermer\u00eda que lleva toda una vida atendiendo a los pacientes de esta localidad cordillerana. \u201cDesde hace muchos a\u00f1os que exist\u00eda este proyecto y conozco desde ni\u00f1os a estos vecinos (Van Baven). Estoy feliz, porque aunque jubilar\u00e9 antes de que est\u00e9 la posta nueva, la vendr\u00e9 a ver\u201d, coment\u00f3 emocionada.<\/p>\n\n","protected":false},"excerpt":{"rendered":"<p>La salud no es todo, pero sin ella, todo lo dem\u00e1s es nada. Con eso en mente, la alcaldesa de Molina, Priscilla Castillo, anunci\u00f3 que el municipio ya cuenta con el terreno para construir la nueva Posta de Salud Rural para El Yacal. La buena noticia tiene lugar tras la desinteresada donaci\u00f3n que hizo la [&hellip;]<\/p>\n","protected":false},"author":2,"featured_media":31920,"comment_status":"open","ping_status":"open","sticky":false,"template":"","format":"standard","meta":{"footnotes":""},"categories":[4,6,7],"tags":[344,285,2873,2874,89,2875],"_links":{"self":[{"href":"https:\/\/web.molina.cl\/index.php?rest_route=\/wp\/v2\/posts\/31915"}],"collection":[{"href":"https:\/\/web.molina.cl\/index.php?rest_route=\/wp\/v2\/posts"}],"about":[{"href":"https:\/\/web.molina.cl\/index.php?rest_route=\/wp\/v2\/types\/post"}],"author":[{"embeddable":true,"href":"https:\/\/web.molina.cl\/index.php?rest_route=\/wp\/v2\/users\/2"}],"replies":[{"embeddable":true,"href":"https:\/\/web.molina.cl\/index.php?rest_route=%2Fwp%2Fv2%2Fcomments&post=31915"}],"version-history":[{"count":1,"href":"https:\/\/web.molina.cl\/index.php?rest_route=\/wp\/v2\/posts\/31915\/revisions"}],"predecessor-version":[{"id":41954,"href":"https:\/\/web.molina.cl\/index.php?rest_route=\/wp\/v2\/posts\/31915\/revisions\/41954"}],"wp:featuredmedia":[{"embeddable":true,"href":"https:\/\/web.molina.cl\/index.php?rest_route=\/"}],"wp:attachment":[{"href":"https:\/\/web.molina.cl\/index.php?rest_route=%2Fwp%2Fv2%2Fmedia&parent=31915"}],"wp:term":[{"taxonomy":"category","embeddable":true,"href":"https:\/\/web.molina.cl\/index.php?rest_route=%2Fwp%2Fv2%2Fcategories&post=31915"},{"taxonomy":"post_tag","embeddable":true,"href":"https:\/\/web.molina.cl\/index.php?rest_route=%2Fwp%2Fv2%2Ftags&post=31915"}],"curies":[{"name":"wp","href":"https:\/\/api.w.org\/{rel}","templated":true}]}}