{"id":31900,"date":"2019-04-02T17:48:40","date_gmt":"2019-04-02T20:48:40","guid":{"rendered":"https:\/\/web.molina.cl\/?p=31900"},"modified":"2019-04-02T17:48:40","modified_gmt":"2019-04-02T20:48:40","slug":"ninos-de-la-escuela-el-radal-ahora-tienen-transporte-a-domicilio","status":"publish","type":"post","link":"https:\/\/web.molina.cl\/?p=31900","title":{"rendered":"Ni\u00f1os de la Escuela El Radal ahora tienen transporte a domicilio"},"content":{"rendered":"<p style=\"text-align: justify;\">Levantarse antes de que salga el sol, caminar kil\u00f3metros con los zapatos ba\u00f1ados en barro y soportar los embates de la lluvia o de la nieve para llegar a su sala de clases era la cruda realidad de los ni\u00f1os que asist\u00edan a la Escuela El Radal.<\/p>\n<p style=\"text-align: justify;\">Sin embargo, a partir de ahora, esos d\u00edas ser\u00e1n solo un recuerdo, ya que gracias a la Corporaci\u00f3n Municipal de Turismo de Molina los estudiantes disponen de transporte gratuito desde su casa hasta el establecimiento.<\/p>\n<p style=\"text-align: justify;\">El veh\u00edculo en cuesti\u00f3n es un todoterreno marca Mahindra con tracci\u00f3n 4&#215;4, caracter\u00edsticas que lo hacen ideal para atravesar hasta los m\u00e1s dif\u00edciles caminos, en una ruta que ya comenz\u00f3 los esperados trabajos de pavimentaci\u00f3n.<\/p>\n<p style=\"text-align: justify;\"><strong>CON FONDOS DE TURISMO<\/strong><\/p>\n<p style=\"text-align: justify;\">La encargada de entregar la noticia fue la alcaldesa Priscilla Castillo, quien acompa\u00f1\u00f3 personalmente a los alumnos desde sus domicilios hasta el recinto educativo, dando inicio as\u00ed a una nueva era para la comunidad.<\/p>\n<p style=\"text-align: justify;\">La jefa comunal expres\u00f3 que \u201cEstamos s\u00faper contentos de ver las caras felices de ni\u00f1os, apoderados y profesores. Ellos ten\u00edan que recorrer kil\u00f3metros para poder llegar a su escuela y la mayor\u00eda de las veces sin la posibilidad de tener un veh\u00edculo, mientras que ahora lo tendr\u00e1n de forma permanente\u201d.<\/p>\n<p style=\"text-align: justify;\">La autoridad se\u00f1al\u00f3 que todo esto se materializ\u00f3 gracias al trabajo conjunto entre el municipio y la Corporaci\u00f3n de Turismo, entidad sin fines de lucro. Su gerente, David Bugue\u00f1o, detall\u00f3 que el todoterreno se pudo comprar \u201ca trav\u00e9s de ingresos propios, sin subvenci\u00f3n municipal. Esto fue posible gracias a los recursos que generamos por el Festival de la Vendimia, el camping y la venta de pasajes de MT Bus\u201d.<\/p>\n<p style=\"text-align: justify;\">El profesional agreg\u00f3 que el nuevo motorizado \u201ctiene un doble prop\u00f3sito: trasladar a las personas de la zona de ac\u00e1 que trabajan con nosotros en el camping y apoyar a los ni\u00f1os con problemas de locomoci\u00f3n para llegar a la escuela\u201d.<\/p>\n<p style=\"text-align: justify;\"><strong>HASTA 7 KIL\u00d3METROS<\/strong><\/p>\n<p style=\"text-align: justify;\">Con emoci\u00f3n, el Director de la Escuela El Radal, Jorge Astudillo, relata lo que fueron a\u00f1os dif\u00edciles para sus alumnos, en donde deb\u00edan hacer enormes esfuerzos para llegar a clases. \u201cAntes ellos caminaban. Sacando el kilometraje, el m\u00e1s lejano era \u00c1lex con 7 km, Eduardo con 2,1 km y Estefan\u00eda con 4,1 km. Eso lo ten\u00edan que hacer aunque lloviera y nevara porque son s\u00faper responsables\u201d, asegura.<\/p>\n<p style=\"text-align: justify;\">Consultado por esta nueva etapa para sus estudiantes y las familias, el docente indica que \u201cpara los apoderados era algo muy complicado, al punto que m\u00e1s de alguno estuvo a punto de irse porque no iba a tener transporte y durante alg\u00fan tiempo el profesor o Carabineros trasladaba a los ni\u00f1os. Esto un gran avance, por lo que estamos contentos; queremos que el establecimiento siga creciendo y agradecemos tanto a la alcaldesa como a la Corporaci\u00f3n por su apoyo\u201d.<\/p>\n<p><a href=\"https:\/\/web.molina.cl\/wp-content\/uploads\/2019\/04\/resized_IMG_2210.jpg\"><img loading=\"lazy\" decoding=\"async\" class=\"aligncenter size-full wp-image-31901\" src=\"https:\/\/web.molina.cl\/wp-content\/uploads\/2019\/04\/resized_IMG_2210.jpg\" alt=\"\" width=\"900\" height=\"505\" \/><\/a> <a href=\"https:\/\/web.molina.cl\/wp-content\/uploads\/2019\/04\/resized_IMG_2217.jpg\"><img loading=\"lazy\" decoding=\"async\" class=\"aligncenter size-full wp-image-31902\" src=\"https:\/\/web.molina.cl\/wp-content\/uploads\/2019\/04\/resized_IMG_2217.jpg\" alt=\"\" width=\"900\" height=\"505\" \/><\/a><\/p>\n","protected":false},"excerpt":{"rendered":"<p>Levantarse antes de que salga el sol, caminar kil\u00f3metros con los zapatos ba\u00f1ados en barro y soportar los embates de la lluvia o de la nieve para llegar a su sala de clases era la cruda realidad de los ni\u00f1os que asist\u00edan a la Escuela El Radal. Sin embargo, a partir de ahora, esos d\u00edas [&hellip;]<\/p>\n","protected":false},"author":2,"featured_media":31901,"comment_status":"open","ping_status":"open","sticky":false,"template":"","format":"standard","meta":{"footnotes":""},"categories":[4,5,64,8],"tags":[1981,873,347,2698,2870,2871,2872],"_links":{"self":[{"href":"https:\/\/web.molina.cl\/index.php?rest_route=\/wp\/v2\/posts\/31900"}],"collection":[{"href":"https:\/\/web.molina.cl\/index.php?rest_route=\/wp\/v2\/posts"}],"about":[{"href":"https:\/\/web.molina.cl\/index.php?rest_route=\/wp\/v2\/types\/post"}],"author":[{"embeddable":true,"href":"https:\/\/web.molina.cl\/index.php?rest_route=\/wp\/v2\/users\/2"}],"replies":[{"embeddable":true,"href":"https:\/\/web.molina.cl\/index.php?rest_route=%2Fwp%2Fv2%2Fcomments&post=31900"}],"version-history":[{"count":0,"href":"https:\/\/web.molina.cl\/index.php?rest_route=\/wp\/v2\/posts\/31900\/revisions"}],"wp:featuredmedia":[{"embeddable":true,"href":"https:\/\/web.molina.cl\/index.php?rest_route=\/"}],"wp:attachment":[{"href":"https:\/\/web.molina.cl\/index.php?rest_route=%2Fwp%2Fv2%2Fmedia&parent=31900"}],"wp:term":[{"taxonomy":"category","embeddable":true,"href":"https:\/\/web.molina.cl\/index.php?rest_route=%2Fwp%2Fv2%2Fcategories&post=31900"},{"taxonomy":"post_tag","embeddable":true,"href":"https:\/\/web.molina.cl\/index.php?rest_route=%2Fwp%2Fv2%2Ftags&post=31900"}],"curies":[{"name":"wp","href":"https:\/\/api.w.org\/{rel}","templated":true}]}}