{"id":31299,"date":"2019-02-14T13:43:37","date_gmt":"2019-02-14T16:43:37","guid":{"rendered":"https:\/\/web.molina.cl\/?p=31299"},"modified":"2019-02-14T13:43:37","modified_gmt":"2019-02-14T16:43:37","slug":"mas-de-100-ninos-de-lontue-y-molina-participaron-de-las-escuelas-de-verano","status":"publish","type":"post","link":"https:\/\/web.molina.cl\/?p=31299","title":{"rendered":"M\u00e1s de 100 ni\u00f1os de Lontu\u00e9 y Molina participaron de las \u201cEscuelas de Verano\u201d"},"content":{"rendered":"<p style=\"text-align: justify;\">Con el objetivo de entregar un apoyo a las familias, se realiz\u00f3 nuevamente el programa \u201cCentros para ni\u00f1os de trabajadores principales temporeros 2019\u201d en Molina.<\/p>\n<p style=\"text-align: justify;\">En esta oportunidad, m\u00e1s de 100 menores formaron parte de la iniciativa del Ministerio de Desarrollo Social (Mideso) enfocada en los infantes de entre 6 y 12 a\u00f1os de edad cuyos padres se encuentran realizando labores de temporada.<\/p>\n<p style=\"text-align: justify;\">A nivel local, se utilizaron dos establecimientos municipales: La Escuela San Pedro de Molina y Eduardo Frei Montalva de Lontu\u00e9, lugares en los que se realizaron actividades recreativas y deportivas.<\/p>\n<p style=\"text-align: justify;\">Adem\u00e1s, siempre en el marco del programa, los detectives de la Polic\u00eda de Investigaciones (PDI), espec\u00edficamente del Departamento de Apoyo y Acci\u00f3n Comunitaria (Dacom), tambi\u00e9n visitaron los recintos educativos para brindar una experiencia diferente a los participantes.<\/p>\n<p style=\"text-align: justify;\">Representando a la municipalidad, el Jefe de Gabinete, Sebasti\u00e1n Vergara, explic\u00f3 que \u201cel mandato de nuestra alcaldesa Priscilla Castillo es procurar el bienestar de la poblaci\u00f3n, brindando cada vez mayores oportunidades a los molinenses y lontueninos. Por eso, estamos contentos de seguir con este programa que colabora con la econom\u00eda de numerosas familias, entregando protecci\u00f3n, diversi\u00f3n y cari\u00f1o a los casi cien ni\u00f1os y ni\u00f1as que tuvieron bajo su alero\u201d.<\/p>\n\n","protected":false},"excerpt":{"rendered":"<p>Con el objetivo de entregar un apoyo a las familias, se realiz\u00f3 nuevamente el programa \u201cCentros para ni\u00f1os de trabajadores principales temporeros 2019\u201d en Molina. En esta oportunidad, m\u00e1s de 100 menores formaron parte de la iniciativa del Ministerio de Desarrollo Social (Mideso) enfocada en los infantes de entre 6 y 12 a\u00f1os de edad [&hellip;]<\/p>\n","protected":false},"author":2,"featured_media":31303,"comment_status":"open","ping_status":"open","sticky":false,"template":"","format":"standard","meta":{"footnotes":""},"categories":[4,5,21,64],"tags":[2832,2833,2834,712,193,46,51,2835],"_links":{"self":[{"href":"https:\/\/web.molina.cl\/index.php?rest_route=\/wp\/v2\/posts\/31299"}],"collection":[{"href":"https:\/\/web.molina.cl\/index.php?rest_route=\/wp\/v2\/posts"}],"about":[{"href":"https:\/\/web.molina.cl\/index.php?rest_route=\/wp\/v2\/types\/post"}],"author":[{"embeddable":true,"href":"https:\/\/web.molina.cl\/index.php?rest_route=\/wp\/v2\/users\/2"}],"replies":[{"embeddable":true,"href":"https:\/\/web.molina.cl\/index.php?rest_route=%2Fwp%2Fv2%2Fcomments&post=31299"}],"version-history":[{"count":0,"href":"https:\/\/web.molina.cl\/index.php?rest_route=\/wp\/v2\/posts\/31299\/revisions"}],"wp:featuredmedia":[{"embeddable":true,"href":"https:\/\/web.molina.cl\/index.php?rest_route=\/"}],"wp:attachment":[{"href":"https:\/\/web.molina.cl\/index.php?rest_route=%2Fwp%2Fv2%2Fmedia&parent=31299"}],"wp:term":[{"taxonomy":"category","embeddable":true,"href":"https:\/\/web.molina.cl\/index.php?rest_route=%2Fwp%2Fv2%2Fcategories&post=31299"},{"taxonomy":"post_tag","embeddable":true,"href":"https:\/\/web.molina.cl\/index.php?rest_route=%2Fwp%2Fv2%2Ftags&post=31299"}],"curies":[{"name":"wp","href":"https:\/\/api.w.org\/{rel}","templated":true}]}}