{"id":30252,"date":"2018-11-27T10:36:12","date_gmt":"2018-11-27T13:36:12","guid":{"rendered":"https:\/\/web.molina.cl\/?p=30252"},"modified":"2018-11-27T10:36:12","modified_gmt":"2018-11-27T13:36:12","slug":"lucha-libre-competidor-campesino-se-robo-la-pelicula-en-la-copa-aniversario-de-molina","status":"publish","type":"post","link":"https:\/\/web.molina.cl\/?p=30252","title":{"rendered":"Lucha Libre: Competidor \u201ccampesino\u201d se rob\u00f3 la pel\u00edcula en la \u201cCopa Aniversario\u201d de Molina"},"content":{"rendered":"<p style=\"text-align: justify;\">Coronando lo que fue un fin de semana lleno de entretenciones, la lucha libre de la NSF brind\u00f3 entretenci\u00f3n a grandes y chicos en el gimnasio municipal de Molina.<\/p>\n<p style=\"text-align: justify;\">La tempranera llegada de las familias incluso antes de la apertura de puertas, ya vaticinaba lo que ser\u00eda una jornada en donde estaba en juego la Copa Aniversario, trofeo creado en honor a los 184 que cumple la tur\u00edstica comuna.<\/p>\n<p style=\"text-align: justify;\">El evento, organizado por el municipio en conjunto con la Corporaci\u00f3n de Deportes,\u00a0 corresponde a la tercera vez que se presenta este espect\u00e1culo en suelo molinense, siendo la \u00faltima el mes pasado para el \u201ccumplea\u00f1os\u201d de Lontu\u00e9.<\/p>\n<p style=\"text-align: justify;\">\n<p style=\"text-align: justify;\"><strong>LAS ESTRELLAS<\/strong><\/p>\n<p style=\"text-align: justify;\">El primer combate de la jornada hizo estallar de entrada a los m\u00e1s de 300 espectadores del recinto deportivo, con la aparici\u00f3n de un luchador que viene despertando inter\u00e9s de cada vez m\u00e1s ni\u00f1os y ni\u00f1as en Molina: el enmascarado \u201cPrince\u201d.<\/p>\n<p style=\"text-align: justify;\">Otro de los m\u00e1s solicitados fue el humor\u00edstico y carism\u00e1tico \u201cPayaso Paquetito\u201d, quien no perdi\u00f3 la oportunidad de burlarse de sus rivales y sacar m\u00e1s de una carcajada del p\u00fablico.<\/p>\n<p style=\"text-align: justify;\">Adem\u00e1s, hubo una emocionante batalla de duplas en donde los \u201cchicos buenos\u201d del equipo Triple X lograron salir victoriosos no sin antes sufrir la furia del violento \u201cNessos\u201d y el misterioso \u201c\u00c1lex Black\u201d. Este \u00faltimo recibi\u00f3 un particular castigo cuando \u201cRana\u201d le rompi\u00f3 una mesa en la espalda.<\/p>\n<p style=\"text-align: justify;\">\n<p style=\"text-align: justify;\"><strong>LA FINAL<\/strong><\/p>\n<p style=\"text-align: justify;\">La gran final aguardaba a dos luchadores que llegaron con pol\u00e9mica a la instancia decisiva: el orgulloso \u201cNocturno\u201d junto al popular \u201cClemente Larra\u00edn\u201d, personificando a un acaudalado hombre de campo.<\/p>\n<p style=\"text-align: justify;\">El duelo no decepcion\u00f3, con un p\u00fablico encendido que respond\u00eda al ritmo de la cueca cada zapateo del competidor \u201chacendado\u201d, mientras abucheaba a su contendor. Tras varios pasajes de llaves, suplex y patadas voladoras, fue el \u201chuaso\u201d quien se qued\u00f3 con el preciado trofeo.<\/p>\n<p style=\"text-align: justify;\">\u201cHoy, afortunadamente y despu\u00e9s de una dilatada carrera, incluso con algunos sobornos, pudimos al fin sacar el t\u00edtulo. Fue muy bonita experiencia, macanuda, fue caballo\u201d, atin\u00f3 a decir \u201cClemente Larra\u00edn\u201d.<\/p>\n<p style=\"text-align: justify;\">\n<p style=\"text-align: justify;\"><strong>IMPRESIONES<\/strong><\/p>\n<p style=\"text-align: justify;\">El show va concitando el inter\u00e9s de cada vez m\u00e1s ni\u00f1os y del p\u00fablico femenino, algo que queda de manifiesto en las palabras de B\u00e1rbara Lobos, curicana que asisti\u00f3 al evento. \u201cPrimera vez que ven\u00eda y fue genial, se parec\u00eda mucho a la WWE. Los que m\u00e1s me llamaron la atenci\u00f3n fueron Nocturno y El\u00edas Rey, aunque tambi\u00e9n Rana. Totalmente recomendado\u201d, sentenci\u00f3.<\/p>\n<p style=\"text-align: justify;\">Por su parte, la alcaldesa de Molina, Priscilla Castillo, explic\u00f3 que \u201cesto es un evento familiar y quisimos entregar tambi\u00e9n una entretenci\u00f3n sana para los ni\u00f1os al ver todas estas piruetas y acrobacias de los luchadores. Agradecemos a la NSF y a nuestra Corporaci\u00f3n Municipal de Deportes por todo su esfuerzo trayendo este espect\u00e1culo a la comuna en su aniversario\u201d.<\/p>\n<div class=\"fb-video\" data-href=\"https:\/\/www.facebook.com\/municipalidadmolina\/videos\/315338752643067\/\" data-width=\"700\"><\/div>\n<p>&nbsp;<\/p>\n\n","protected":false},"excerpt":{"rendered":"<p>Coronando lo que fue un fin de semana lleno de entretenciones, la lucha libre de la NSF brind\u00f3 entretenci\u00f3n a grandes y chicos en el gimnasio municipal de Molina. La tempranera llegada de las familias incluso antes de la apertura de puertas, ya vaticinaba lo que ser\u00eda una jornada en donde estaba en juego la [&hellip;]<\/p>\n","protected":false},"author":2,"featured_media":30253,"comment_status":"open","ping_status":"open","sticky":false,"template":"","format":"standard","meta":{"footnotes":""},"categories":[35,4,16,40,64,25],"tags":[2782,2783,2784,2785,2628,2786,2787,2629,2788,2789,2790],"_links":{"self":[{"href":"https:\/\/web.molina.cl\/index.php?rest_route=\/wp\/v2\/posts\/30252"}],"collection":[{"href":"https:\/\/web.molina.cl\/index.php?rest_route=\/wp\/v2\/posts"}],"about":[{"href":"https:\/\/web.molina.cl\/index.php?rest_route=\/wp\/v2\/types\/post"}],"author":[{"embeddable":true,"href":"https:\/\/web.molina.cl\/index.php?rest_route=\/wp\/v2\/users\/2"}],"replies":[{"embeddable":true,"href":"https:\/\/web.molina.cl\/index.php?rest_route=%2Fwp%2Fv2%2Fcomments&post=30252"}],"version-history":[{"count":0,"href":"https:\/\/web.molina.cl\/index.php?rest_route=\/wp\/v2\/posts\/30252\/revisions"}],"wp:featuredmedia":[{"embeddable":true,"href":"https:\/\/web.molina.cl\/index.php?rest_route=\/"}],"wp:attachment":[{"href":"https:\/\/web.molina.cl\/index.php?rest_route=%2Fwp%2Fv2%2Fmedia&parent=30252"}],"wp:term":[{"taxonomy":"category","embeddable":true,"href":"https:\/\/web.molina.cl\/index.php?rest_route=%2Fwp%2Fv2%2Fcategories&post=30252"},{"taxonomy":"post_tag","embeddable":true,"href":"https:\/\/web.molina.cl\/index.php?rest_route=%2Fwp%2Fv2%2Ftags&post=30252"}],"curies":[{"name":"wp","href":"https:\/\/api.w.org\/{rel}","templated":true}]}}