{"id":30139,"date":"2018-11-16T14:55:53","date_gmt":"2018-11-16T17:55:53","guid":{"rendered":"https:\/\/web.molina.cl\/?p=30139"},"modified":"2018-11-16T14:55:53","modified_gmt":"2018-11-16T17:55:53","slug":"desafio-chiquillanes-corono-la-serie-de-excursiones-hacia-la-cordillera-en-molina","status":"publish","type":"post","link":"https:\/\/web.molina.cl\/?p=30139","title":{"rendered":"\u201cDesaf\u00edo Chiquillanes\u201d coron\u00f3 la serie de excursiones hacia la cordillera en Molina"},"content":{"rendered":"<p style=\"text-align: justify;\">Era la \u00faltima expedici\u00f3n del a\u00f1o y quisieron despedirla con todo. Es por eso que, coronando lo que ha sido una serie de retos, el \u201cDesaf\u00edo Chiquillanes\u201d permiti\u00f3 que m\u00e1s de 80 excursionistas conocieran parte de la zona precordillerana de Molina.<\/p>\n<p style=\"text-align: justify;\">Organizada por la Corporaci\u00f3n Municipal de Turismo, junto a su par de Deportes, la actividad cont\u00f3, como ya se ha hecho tradici\u00f3n, con la propia alcaldesa Priscilla Castillo escalando la monta\u00f1a. Sin embargo, hubo un participante que llam\u00f3 la atenci\u00f3n al asumir el reto pese a su discapacidad f\u00edsica.<\/p>\n<p style=\"text-align: justify;\">\n<p style=\"text-align: justify;\"><strong>SENDERO CON HISTORIA<\/strong><\/p>\n<p style=\"text-align: justify;\">La traves\u00eda comenz\u00f3 en la madrugada del domingo, ya que los asistentes debieron salir temprano desde sus hogares para estar a tiempo en Parque Ingl\u00e9s, punto de partida de lo que ser\u00eda un d\u00eda m\u00e1gico para muchos.<\/p>\n<p style=\"text-align: justify;\">Los primeros pasos ya daban cuenta de las maravillas naturales que esconde el Cerro Chiquillanes, llamado as\u00ed por una antigua etnia precolombina que habitaba en dicho sector, siendo sus integrantes famosos por ser cazadores feroces y guerreros cuyo nombre aterraba el coraz\u00f3n de otros poblados. Las flechas y piedras horadadas que se han encontrado de ellos, as\u00ed lo confirman.<\/p>\n<p style=\"text-align: justify;\">Los \u00e1rboles caducifolios como los robles adornaban el hist\u00f3rico sendero, en donde poco a poco fueron dando con lugares que fueron objeto obligado de fotograf\u00edas. Sitios como \u201cLos Tres Coihues\u201d, la vertiente El Canelo y el mirador de Los Chahuales fueron algunas de las m\u00e1s llamativas paradas, como tambi\u00e9n el mirador natural con vista hacia el volc\u00e1n Descabezado Grande.<\/p>\n<p style=\"text-align: justify;\">Tras abordar la quebrada de \u201cLa Leona\u201d, los aventureros conectaron con el \u201cSendero Malacara\u201d, ep\u00edlogo del trayecto de m\u00e1s de cinco horas de viaje, en donde los m\u00e1s peque\u00f1os (desde 12 a\u00f1os en adelante y acompa\u00f1ados de un adulto responsable) pudieron tambi\u00e9n apreciar insectos, ara\u00f1as y aves aut\u00f3ctonas chilenas.<\/p>\n<p style=\"text-align: justify;\">\n<p style=\"text-align: justify;\"><strong>EJEMPLO DE INCLUSI\u00d3N<\/strong><\/p>\n<p style=\"text-align: justify;\">Hubo un participante que se rob\u00f3 todos los aplausos, al demostrar su tenacidad pese a contar con una discapacidad f\u00edsica, como es la ausencia de una extremidad. Se trata del ex ni\u00f1o s\u00edmbolo de la Telet\u00f3n, Alejandro Rojas, quien actualmente se desempe\u00f1a en la Municipalidad de Molina como Jefe de Finanzas.<\/p>\n<p style=\"text-align: justify;\">Acompa\u00f1ado de su hijo, Joaqu\u00edn, realiz\u00f3 todo el recorrido y, pese a lo agotador del viaje, lleg\u00f3 sin problemas a la meta. \u201cSiempre me han gustado los desaf\u00edos y, cuando supe de \u00e9ste, quise poner al l\u00edmite mi capacidad mental y f\u00edsica\u201d, parte contando.<\/p>\n<p style=\"text-align: justify;\">El profesional agrega que \u201cno pens\u00e9 que iba a ser tan dif\u00edcil, pero nunca me arrepent\u00ed. Adem\u00e1s, que el equipo se port\u00f3 muy bien, comprob\u00e9 que todo es posible. Llegu\u00e9 cansado, pero es una satisfacci\u00f3n personal, lejos, de las mejores que he tenido en mi vida. Es impresionante todo lo que uno aprende cuando sale de su zona de confort\u201d.<\/p>\n<p style=\"text-align: justify;\">\n<p style=\"text-align: justify;\"><strong>CONTENTOS<\/strong><\/p>\n<p style=\"text-align: justify;\">Entre los excursionistas, algunos ya hab\u00edan comprobado las bondades de la monta\u00f1a en retos anteriores, como es el caso de Alexandra Contreras. \u201c\u00c9ste es mi segundo desaf\u00edo, antes vine al Fraile, pero ahora fue m\u00e1s entretenido, porque hicimos muchas paradas\u201d, dijo.<\/p>\n<p style=\"text-align: justify;\">Similar opini\u00f3n tuvo Maritza Cruz, vecina de Entre R\u00edos tambi\u00e9n particip\u00f3 anteriormente en otro recorrido y \u201cesta vez vine con mi hijo. Agradezco al municipio por esto y esperaremos el pr\u00f3ximo\u201d.<\/p>\n<p style=\"text-align: justify;\">En tanto, el molinense Eleuterio D\u00edaz valor\u00f3 que esta iniciativa \u201cayuda a las personas j\u00f3venes y a los no tan j\u00f3venes a empezar a interiorizarse en los ejercicios. Est\u00e1 muy bien organizada esta experiencia\u201d.<\/p>\n<p style=\"text-align: justify;\">\n<p style=\"text-align: justify;\"><strong>VUELVE EL PR\u00d3XIMO A\u00d1O<\/strong><\/p>\n<p style=\"text-align: justify;\">Tras completar la ruta como una aventurera m\u00e1s, la alcaldesa de Molina, Priscilla Castillo, \u00a0detall\u00f3 que \u201cllegamos desde temprano para subir el cerro y conocer los distintos paisajes, encontr\u00e1ndonos con bosques de robles, tierra h\u00fameda y hasta un poco de lluvia. Hacemos la invitaci\u00f3n a todos para los pr\u00f3ximos desaf\u00edos, porque, de verdad, son espectaculares\u201d.<\/p>\n<p style=\"text-align: justify;\">Por su parte, el gerente de la Corporaci\u00f3n Municipal de Turismo, David Bugue\u00f1o, explic\u00f3 que \u201cse han logrado nuestros objetivos de dar a conocer los atractivos de la comuna. Tuvimos desde ni\u00f1os hasta adultos mayores, haciendo de esta experiencia, algo importante\u201d.<\/p>\n<p style=\"text-align: justify;\">El directivo a\u00f1adi\u00f3 que \u201cel pr\u00f3ximo desaf\u00edo ser\u00e1 en 2019 durante la primera semana de abril en El Bols\u00f3n, que es mucho m\u00e1s cerca de la cordillera, as\u00ed que todos atentos a nuestras redes sociales para poder participar\u201d.<\/p>\n<div class=\"fb-video\" data-href=\"https:\/\/www.facebook.com\/municipalidadmolina\/videos\/2064689420258752\/\" data-width=\"700\"><\/div>\n<p>&nbsp;<br \/>\n<\/p>\n","protected":false},"excerpt":{"rendered":"<p>Era la \u00faltima expedici\u00f3n del a\u00f1o y quisieron despedirla con todo. Es por eso que, coronando lo que ha sido una serie de retos, el \u201cDesaf\u00edo Chiquillanes\u201d permiti\u00f3 que m\u00e1s de 80 excursionistas conocieran parte de la zona precordillerana de Molina. Organizada por la Corporaci\u00f3n Municipal de Turismo, junto a su par de Deportes, la [&hellip;]<\/p>\n","protected":false},"author":2,"featured_media":30140,"comment_status":"open","ping_status":"open","sticky":false,"template":"","format":"standard","meta":{"footnotes":""},"categories":[35,4,16,45,8,25],"tags":[2417,2762,2531,873,2596,2763,2764,50,2765,817],"_links":{"self":[{"href":"https:\/\/web.molina.cl\/index.php?rest_route=\/wp\/v2\/posts\/30139"}],"collection":[{"href":"https:\/\/web.molina.cl\/index.php?rest_route=\/wp\/v2\/posts"}],"about":[{"href":"https:\/\/web.molina.cl\/index.php?rest_route=\/wp\/v2\/types\/post"}],"author":[{"embeddable":true,"href":"https:\/\/web.molina.cl\/index.php?rest_route=\/wp\/v2\/users\/2"}],"replies":[{"embeddable":true,"href":"https:\/\/web.molina.cl\/index.php?rest_route=%2Fwp%2Fv2%2Fcomments&post=30139"}],"version-history":[{"count":0,"href":"https:\/\/web.molina.cl\/index.php?rest_route=\/wp\/v2\/posts\/30139\/revisions"}],"wp:featuredmedia":[{"embeddable":true,"href":"https:\/\/web.molina.cl\/index.php?rest_route=\/"}],"wp:attachment":[{"href":"https:\/\/web.molina.cl\/index.php?rest_route=%2Fwp%2Fv2%2Fmedia&parent=30139"}],"wp:term":[{"taxonomy":"category","embeddable":true,"href":"https:\/\/web.molina.cl\/index.php?rest_route=%2Fwp%2Fv2%2Fcategories&post=30139"},{"taxonomy":"post_tag","embeddable":true,"href":"https:\/\/web.molina.cl\/index.php?rest_route=%2Fwp%2Fv2%2Ftags&post=30139"}],"curies":[{"name":"wp","href":"https:\/\/api.w.org\/{rel}","templated":true}]}}