{"id":29701,"date":"2018-10-26T11:31:30","date_gmt":"2018-10-26T14:31:30","guid":{"rendered":"https:\/\/web.molina.cl\/?p=29701"},"modified":"2018-10-26T11:31:30","modified_gmt":"2018-10-26T14:31:30","slug":"concejo-municipal-se-suma-a-la-batalla-contra-instalacion-de-avicola-en-molina","status":"publish","type":"post","link":"https:\/\/web.molina.cl\/?p=29701","title":{"rendered":"Concejo Municipal se suma a la batalla contra instalaci\u00f3n de av\u00edcola en Molina"},"content":{"rendered":"<p style=\"text-align: justify;\">En sesi\u00f3n extraordinaria, el Concejo Municipal de Molina decidi\u00f3 respaldar a la alcaldesa Priscilla Castillo en su lucha por impedir que se instale una planta de la empresa N\u00facleo Agricovial a solo 23,5 kil\u00f3metros del Radal Siete Tazas.<\/p>\n<p style=\"text-align: justify;\">En la oportunidad, los concejales Sergio Campos, Hugo Guajardo, Julio Seguel, Francisco Vald\u00e9s y Patricio Vergara se unieron a la cruzada para evitar la llegada de la compa\u00f1\u00eda que planea tener tres hect\u00e1reas completas de guano, produciendo 186 toneladas diarias de excremento.<\/p>\n<p style=\"text-align: justify;\">Es por ello que se agend\u00f3, para el jueves 8 de noviembre a las 20:00 horas, una charla informativa abierta para la comunidad en el teatro municipal, con el objetivo de que todos se hagan part\u00edcipes de la lucha en contra del bienestar de la poblaci\u00f3n.<\/p>\n<p style=\"text-align: justify;\"><strong>APOYO TRANSVERSAL<\/strong><\/p>\n<p style=\"text-align: justify;\">Independiente de su color pol\u00edtico, los ediles se cuadraron con la jefa comunal. \u201cToda la comunidad debe unirse a esta gran cruzada. Hoy, nos vemos enfrentados a una gran encrucijada: preferir un turismo sustentable que perdure en todas las generaciones u optar por megaempresas que vendr\u00e1n a contaminar nuestros aires y nuestros suelos\u201d, dijo Hugo Guajardo.<\/p>\n<p style=\"text-align: justify;\">\u201cYo no estar\u00e9 disponible, en ning\u00fan momento, para que esto se lleve a cabo, as\u00ed que espero que todos nos acompa\u00f1en en las actividades que realizaremos para hacer frente a esta av\u00edcola\u201d, dijo Patricio Vergara.<\/p>\n<p style=\"text-align: justify;\">Por su parte, Sergio Campos, plante\u00f3 que \u201cno podemos darnos la libertad de que cualquiera llegue a la comuna aportando a la contaminaci\u00f3n que ya tenemos y que nos produce c\u00e1ncer. No queremos este tipo de compa\u00f1\u00edas que dar\u00e1n poco trabajo\u201d, agregando que \u201cestamos uniendo todo tipo de voluntades para que este tipo de empresas no se instalen\u201d.<\/p>\n<p style=\"text-align: justify;\">En tanto, Julio Seguel, reiter\u00f3 la invitaci\u00f3n para que \u201ctodo Molina le diga no a la av\u00edcola que quiere llegar a la comuna. Es necesario hacer conciencia en todos los vecinos sobre lo que puede pasar. El medioambiente nos necesita\u201d.<\/p>\n<p style=\"text-align: justify;\">Finalmente, Francisco Vald\u00e9s, quien vive en el sector rural de Buena Paz, se\u00f1al\u00f3 que \u201cno podemos permitir que la av\u00edcola m\u00e1s grande de Chile llegue a nuestro sector, porque se ver\u00eda afectado Radal, Alupenhue, Yacal, La Valdesina y puede que hasta Molina\u201d.<\/p>\n<p style=\"text-align: justify;\"><strong>CONSEJO ECOL\u00d3GICO<\/strong><\/p>\n<p style=\"text-align: justify;\">\u201cNo queremos m\u00e1s contaminaci\u00f3n, ni vivir llenos de moscas y con malos olores; deseamos un medioambiente limpio para que puedan crecer los ni\u00f1os, la flora y la fauna. Este es un proyecto horrible y todos tenemos que sumarnos para que no se instale esta av\u00edcola\u201d, coment\u00f3 Catalina Molina, presidenta del Consejo Ecol\u00f3gico de la tur\u00edstica comuna.<\/p>\n<p><a href=\"https:\/\/web.molina.cl\/wp-content\/uploads\/2018\/10\/resized_concejales.jpg\"><img loading=\"lazy\" decoding=\"async\" class=\"aligncenter size-full wp-image-29702\" src=\"https:\/\/web.molina.cl\/wp-content\/uploads\/2018\/10\/resized_concejales.jpg\" alt=\"\" width=\"1068\" height=\"600\" \/><\/a><\/p>\n","protected":false},"excerpt":{"rendered":"<p>En sesi\u00f3n extraordinaria, el Concejo Municipal de Molina decidi\u00f3 respaldar a la alcaldesa Priscilla Castillo en su lucha por impedir que se instale una planta de la empresa N\u00facleo Agricovial a solo 23,5 kil\u00f3metros del Radal Siete Tazas. En la oportunidad, los concejales Sergio Campos, Hugo Guajardo, Julio Seguel, Francisco Vald\u00e9s y Patricio Vergara se [&hellip;]<\/p>\n","protected":false},"author":2,"featured_media":29702,"comment_status":"open","ping_status":"open","sticky":false,"template":"","format":"standard","meta":{"footnotes":""},"categories":[4,45,8],"tags":[2725,2223,2741,1720,457,458,2733,585,1087,568],"_links":{"self":[{"href":"https:\/\/web.molina.cl\/index.php?rest_route=\/wp\/v2\/posts\/29701"}],"collection":[{"href":"https:\/\/web.molina.cl\/index.php?rest_route=\/wp\/v2\/posts"}],"about":[{"href":"https:\/\/web.molina.cl\/index.php?rest_route=\/wp\/v2\/types\/post"}],"author":[{"embeddable":true,"href":"https:\/\/web.molina.cl\/index.php?rest_route=\/wp\/v2\/users\/2"}],"replies":[{"embeddable":true,"href":"https:\/\/web.molina.cl\/index.php?rest_route=%2Fwp%2Fv2%2Fcomments&post=29701"}],"version-history":[{"count":0,"href":"https:\/\/web.molina.cl\/index.php?rest_route=\/wp\/v2\/posts\/29701\/revisions"}],"wp:featuredmedia":[{"embeddable":true,"href":"https:\/\/web.molina.cl\/index.php?rest_route=\/"}],"wp:attachment":[{"href":"https:\/\/web.molina.cl\/index.php?rest_route=%2Fwp%2Fv2%2Fmedia&parent=29701"}],"wp:term":[{"taxonomy":"category","embeddable":true,"href":"https:\/\/web.molina.cl\/index.php?rest_route=%2Fwp%2Fv2%2Fcategories&post=29701"},{"taxonomy":"post_tag","embeddable":true,"href":"https:\/\/web.molina.cl\/index.php?rest_route=%2Fwp%2Fv2%2Ftags&post=29701"}],"curies":[{"name":"wp","href":"https:\/\/api.w.org\/{rel}","templated":true}]}}