{"id":2940,"date":"2015-09-23T09:40:06","date_gmt":"2015-09-23T12:40:06","guid":{"rendered":"http:\/\/web.molina.cl\/?p=2940"},"modified":"2020-11-24T19:24:48","modified_gmt":"2020-11-24T23:24:48","slug":"foto-reportaje-fiestas-patrias-molina-2015","status":"publish","type":"post","link":"https:\/\/web.molina.cl\/?p=2940","title":{"rendered":"Foto Reportaje Fiestas Patrias Molina 2015"},"content":{"rendered":"<div id=\"ietgato6\" class=\"s3\" data-reactid=\".0.$SITE_ROOT.$desktop_siteRoot.$PAGES_CONTAINER.1.1.$SITE_PAGES.$c2x7.1.$ietgato6\">\n<p class=\"font_8\" style=\"text-align: justify;\">Esta iniciativa, organizada por la Corporaci\u00f3n Cultural de Molina, tuvo una muy buena respuesta del p\u00fablico que aplaudi\u00f3 a sus talentos en estas presentaciones complementarias a las ferias gastron\u00f3micas y artesanales que se desarrollaron, durante estos d\u00edas, en ambos puntos de encuentro de la comuna.<\/p>\n<p class=\"font_8\" style=\"text-align: justify;\">Un importante rol cumpli\u00f3 tambi\u00e9n, en la producci\u00f3n de estas muestras folcl\u00f3ricas, la delegaci\u00f3n municipal de Lontu\u00e9.<\/p>\n<p class=\"font_8\" style=\"text-align: justify;\">A trav\u00e9s de este fotoreportaje rescatamos las im\u00e1genes que dej\u00f3 esta celebraci\u00f3n art\u00edstica dieciochera 2015.<\/p>\n\n<\/div>\n","protected":false},"excerpt":{"rendered":"<p>Esta iniciativa, organizada por la Corporaci\u00f3n Cultural de Molina, tuvo una muy buena respuesta del p\u00fablico que aplaudi\u00f3 a sus talentos en estas presentaciones complementarias a las ferias gastron\u00f3micas y artesanales que se desarrollaron, durante estos d\u00edas, en ambos puntos de encuentro de la comuna. Un importante rol cumpli\u00f3 tambi\u00e9n, en la producci\u00f3n de estas [&hellip;]<\/p>\n","protected":false},"author":1,"featured_media":3117,"comment_status":"open","ping_status":"open","sticky":false,"template":"","format":"gallery","meta":{"footnotes":""},"categories":[2,4,16],"tags":[267,402,367,403,270,404],"_links":{"self":[{"href":"https:\/\/web.molina.cl\/index.php?rest_route=\/wp\/v2\/posts\/2940"}],"collection":[{"href":"https:\/\/web.molina.cl\/index.php?rest_route=\/wp\/v2\/posts"}],"about":[{"href":"https:\/\/web.molina.cl\/index.php?rest_route=\/wp\/v2\/types\/post"}],"author":[{"embeddable":true,"href":"https:\/\/web.molina.cl\/index.php?rest_route=\/wp\/v2\/users\/1"}],"replies":[{"embeddable":true,"href":"https:\/\/web.molina.cl\/index.php?rest_route=%2Fwp%2Fv2%2Fcomments&post=2940"}],"version-history":[{"count":1,"href":"https:\/\/web.molina.cl\/index.php?rest_route=\/wp\/v2\/posts\/2940\/revisions"}],"predecessor-version":[{"id":42752,"href":"https:\/\/web.molina.cl\/index.php?rest_route=\/wp\/v2\/posts\/2940\/revisions\/42752"}],"wp:featuredmedia":[{"embeddable":true,"href":"https:\/\/web.molina.cl\/index.php?rest_route=\/"}],"wp:attachment":[{"href":"https:\/\/web.molina.cl\/index.php?rest_route=%2Fwp%2Fv2%2Fmedia&parent=2940"}],"wp:term":[{"taxonomy":"category","embeddable":true,"href":"https:\/\/web.molina.cl\/index.php?rest_route=%2Fwp%2Fv2%2Fcategories&post=2940"},{"taxonomy":"post_tag","embeddable":true,"href":"https:\/\/web.molina.cl\/index.php?rest_route=%2Fwp%2Fv2%2Ftags&post=2940"}],"curies":[{"name":"wp","href":"https:\/\/api.w.org\/{rel}","templated":true}]}}