{"id":29267,"date":"2018-10-10T10:41:27","date_gmt":"2018-10-10T13:41:27","guid":{"rendered":"https:\/\/web.molina.cl\/?p=29267"},"modified":"2018-10-10T10:41:27","modified_gmt":"2018-10-10T13:41:27","slug":"ascenso-extremo-80-excursionistas-superaron-el-desafio-fraile-en-molina","status":"publish","type":"post","link":"https:\/\/web.molina.cl\/?p=29267","title":{"rendered":"Ascenso extremo: 80 excursionistas superaron el \u201cDesaf\u00edo Fraile\u201d en Molina"},"content":{"rendered":"<p style=\"text-align: justify;\">El que no se atreve, no cruza el r\u00edo. Aplicando literalmente este dicho, m\u00e1s de 80 excursionistas se atrevieron a asumir el \u201cDesaf\u00edo Fraile\u201d en Molina, instancia en la que ascendieron al cerro del mismo nombre.<\/p>\n<p style=\"text-align: justify;\">La actividad es corresponde a uno de los retos m\u00e1s exigentes entre los que organiza la Corporaci\u00f3n Municipal de Turismo, junto a su similar de Deportes. Prueba de ello fue el imponente caudal del r\u00edo que se present\u00f3 como el primer obst\u00e1culo para la comitiva que se puso como meta llegar hasta la cima de la monta\u00f1a.<\/p>\n<p style=\"text-align: justify;\"><strong>INTENSO VIAJE<\/strong><\/p>\n<p style=\"text-align: justify;\">Como si el nombre del cerro hubiese impregnado al sector de un halo m\u00edstico, la naturaleza que rodea a toda la ruta se caracteriza por ser de dif\u00edcil acceso, lo que hizo m\u00e1s atractivo el tour para los excursionistas.<\/p>\n<p style=\"text-align: justify;\">Tras recibir la raci\u00f3n de marcha y las instrucciones de los expertos para hacer la expedici\u00f3n de forma segura, los participantes comenzaron el viaje desde El Radal. Poniendo a prueba su ingenio, los gu\u00edas lograron mediante cuerdas que toda la comitiva atravesara el caudaloso estero El Toro que protege el camino hacia la c\u00faspide de la monta\u00f1a.<\/p>\n<p style=\"text-align: justify;\">La aventura prosigui\u00f3 durante horas por senderos rodeados de bosques de robles y otras especies, en un ascenso donde la naturaleza iba mostrando a cada paso su ind\u00f3mita belleza. A lo lejos, se ve\u00eda la cima del cerro Fraile, llamado as\u00ed por las formaciones rocosas que all\u00ed se encuentran y que asemejan la calva de un sacerdote.<\/p>\n<p style=\"text-align: justify;\">Al llegar a la meta, los senderistas pudieron admirar una de las vistas m\u00e1s hermosas que ofrece la cordillera de Molina, mostrando los poblados y l\u00edmites con las otras comunas.<\/p>\n<p style=\"text-align: justify;\"><strong>EXPERIENCIA INOLVIDABLE<\/strong><\/p>\n<p style=\"text-align: justify;\">Maravillados quedaron quienes formaron parte de la extensa caminata, tal como relata Carla Guti\u00e9rrez. \u201cA quienes tienen susto, les digo que s\u00ed se puede llegar a la cima. Tal vez con dificultades, como el fr\u00edo y el agua, pero se puede\u201d.<\/p>\n<p style=\"text-align: justify;\">Por su parte, Muriel Arias, afirm\u00f3 que \u201clo hemos pasado s\u00faper bien, fue muy entretenido. Es primera vez que hago esto y fue una buena experiencia, desafiante, pero reponedora cuando uno llega a la cima. Gracias a la municipalidad y a las corporaciones por estas actividades\u201d.<\/p>\n<p style=\"text-align: justify;\">Tal como lo ha hecho con las dem\u00e1s expediciones, la alcaldesa de Molina, Priscilla Castillo, acompa\u00f1\u00f3 a los excursionistas durante todo el trayecto. \u201cAcabamos de cruzar el estero El Toro, fue un d\u00eda incre\u00edble, espectacular y quiero dejar a todos invitados al pr\u00f3ximo desaf\u00edo que tendremos en noviembre\u201d, dijo tras sortear de vuelta las caudalosas aguas de la monta\u00f1a.<\/p>\n<p style=\"text-align: justify;\">El siguiente reto tendr\u00e1 lugar en el cerro Chiquillanes, en fecha por confirmar.<\/p>\n<p><iframe loading=\"lazy\" style=\"border: none; overflow: hidden;\" src=\"https:\/\/www.facebook.com\/plugins\/video.php?href=https%3A%2F%2Fwww.facebook.com%2Fmunicipalidadmolina%2Fvideos%2F2213665848868907%2F&amp;show_text=0&amp;width=560\" width=\"560\" height=\"315\" frameborder=\"0\" scrolling=\"no\" allowfullscreen=\"allowfullscreen\"><\/iframe><br \/>\n<\/p>\n","protected":false},"excerpt":{"rendered":"<p>El que no se atreve, no cruza el r\u00edo. Aplicando literalmente este dicho, m\u00e1s de 80 excursionistas se atrevieron a asumir el \u201cDesaf\u00edo Fraile\u201d en Molina, instancia en la que ascendieron al cerro del mismo nombre. La actividad es corresponde a uno de los retos m\u00e1s exigentes entre los que organiza la Corporaci\u00f3n Municipal de [&hellip;]<\/p>\n","protected":false},"author":2,"featured_media":29420,"comment_status":"open","ping_status":"open","sticky":false,"template":"","format":"standard","meta":{"footnotes":""},"categories":[35,4,16,8,25],"tags":[2716,2596,2690,2717,2718,2719,786],"_links":{"self":[{"href":"https:\/\/web.molina.cl\/index.php?rest_route=\/wp\/v2\/posts\/29267"}],"collection":[{"href":"https:\/\/web.molina.cl\/index.php?rest_route=\/wp\/v2\/posts"}],"about":[{"href":"https:\/\/web.molina.cl\/index.php?rest_route=\/wp\/v2\/types\/post"}],"author":[{"embeddable":true,"href":"https:\/\/web.molina.cl\/index.php?rest_route=\/wp\/v2\/users\/2"}],"replies":[{"embeddable":true,"href":"https:\/\/web.molina.cl\/index.php?rest_route=%2Fwp%2Fv2%2Fcomments&post=29267"}],"version-history":[{"count":0,"href":"https:\/\/web.molina.cl\/index.php?rest_route=\/wp\/v2\/posts\/29267\/revisions"}],"wp:featuredmedia":[{"embeddable":true,"href":"https:\/\/web.molina.cl\/index.php?rest_route=\/"}],"wp:attachment":[{"href":"https:\/\/web.molina.cl\/index.php?rest_route=%2Fwp%2Fv2%2Fmedia&parent=29267"}],"wp:term":[{"taxonomy":"category","embeddable":true,"href":"https:\/\/web.molina.cl\/index.php?rest_route=%2Fwp%2Fv2%2Fcategories&post=29267"},{"taxonomy":"post_tag","embeddable":true,"href":"https:\/\/web.molina.cl\/index.php?rest_route=%2Fwp%2Fv2%2Ftags&post=29267"}],"curies":[{"name":"wp","href":"https:\/\/api.w.org\/{rel}","templated":true}]}}