{"id":2894,"date":"2015-09-22T12:14:37","date_gmt":"2015-09-22T15:14:37","guid":{"rendered":"http:\/\/web.molina.cl\/?p=2894"},"modified":"2020-11-24T19:24:51","modified_gmt":"2020-11-24T23:24:51","slug":"llega-la-primavera-y-con-ella-las-alergias","status":"publish","type":"post","link":"https:\/\/web.molina.cl\/?p=2894","title":{"rendered":"Llega la primavera y con ella las alergias"},"content":{"rendered":"<p style=\"text-align: justify;\">Dentro de los m\u00e1s predominantes est\u00e1n los p\u00f3lenes del pl\u00e1tano oriental, (<strong>en Molina, toda la Avenida Luis Cruz<\/strong> <strong>Mart\u00ednez, tiene esta especie)<\/strong>, aromo, olmo y \u00e1lamo, entre otros, y tambi\u00e9n los \u00e1caros del polvo.<!--more--><\/p>\n<p style=\"text-align: justify;\">El 25% de la poblaci\u00f3n chilena las padece, de acuerdo a investigaci\u00f3n realizada por la Dra. Pilar Zamora, acad\u00e9mica de la Facultad de Ciencias B\u00e1sicas de la UCM, explica por qu\u00e9 sufrimos de la alergias en esta \u00e9poca del a\u00f1o, qu\u00e9 peligros traen y c\u00f3mo podemos prevenirlas.<\/p>\n<p style=\"text-align: justify;\">De acuerdo a este importante trabajo investigativo, se\u00f1ala que los chilenos debemos resignarnos a sufrir por las molestias alergias estacionales, esas que nos provocan estornudos, congesti\u00f3n nasal, picaz\u00f3n de nariz y garganta. Eso debido a los d\u00edas de calor y viento los s\u00edntomas son mayores porque aumenta el polen en el aire, los disminuyen durante los d\u00edas m\u00e1s fr\u00edos y con las lluvias, ya que el polen cae al suelo.<\/p>\n<p style=\"text-align: justify;\">La Dra. Pilar Zamora agrega que <strong><em>\u201ca pesar que los p\u00f3lenes est\u00e1n presentes durante todo el a\u00f1o, entre septiembre y noviembre se incrementan sus niveles en el aire, gracias al cambio clim\u00e1tico que sufrimos, se han producido alteraciones en la floraci\u00f3n y polinizaci\u00f3n, extendiendo el<\/em><\/strong> <strong><em>periodo de este tipo de<\/em><\/strong><em> <strong>alergias\u201d<\/strong><\/em> agreg\u00f3 la acad\u00e9mica.<\/p>\n<p style=\"text-align: justify;\"><strong>Cifras<\/strong><\/p>\n<p style=\"text-align: justify;\">Las cifras para los chilenos no son alentadoras, seg\u00fan el estudio epidemiol\u00f3gico, aproximadamente el 25% de la poblaci\u00f3n sufre de alergias, porcentaje que ha ido en aumento, y hay que agregar que dentro de este porcentaje que padece ellas, cerca del 15% sufre de rinitis y, entre el 5% al 7% son asm\u00e1ticos.<\/p>\n<p style=\"text-align: justify;\">En cuanto a la duraci\u00f3n de estos malestares depender\u00e1 de la alergia que sufra cada uno, ya que tal como lo explica la Dra. Zamora, existen individuos que \u00fanicamente tienen alergias al polen de los \u00e1rboles y presentan la sintomatolog\u00eda de septiembre a noviembre; los que son al\u00e9rgicos a los \u00e1rboles y al pasto, que corresponden al 50% a 60% de los al\u00e9rgicos estacionales, presentan s\u00edntomas hasta mediados de diciembre; y los que adem\u00e1s son al\u00e9rgicos a la maleza, cerca del 20% a 30% de la poblaci\u00f3n al\u00e9rgica, pueden presentar s\u00edntomas hasta marzo.<\/p>\n<p style=\"text-align: justify;\">Debido a la importancia de estos trastornos al\u00e9rgicos, a partir de 1996, se han estado realizando monitoreos del polen y polvo en Santiago, Valpara\u00edso, Talca y Temuco, ciudades que se caracterizan por presentar elevados niveles de estos al\u00e9rgenos. Ello permite entregar informaci\u00f3n a la poblaci\u00f3n, de tal modo que puedan tomar las medidas profil\u00e1cticas.<\/p>\n<p style=\"text-align: justify;\"><strong>\u00bfPor qu\u00e9 se producen?<\/strong><\/p>\n<p style=\"text-align: justify;\">La Dra. Zamora relata que <strong><em>\u201cen el caso de las alergias estacionales, los p\u00f3lenes alerg\u00e9nicos juegan un rol muy importante y var\u00edan seg\u00fan la vegetaci\u00f3n y el clima. Estos, al penetrar en el organismo a trav\u00e9s de los ojos, nariz, y boca, producen trastornos respiratorios como la rinitis y obstrucci\u00f3n bronquial\u201d.<\/em><\/strong><\/p>\n<p style=\"text-align: justify;\">Dentro de los m\u00e1s predominantes est\u00e1n los p\u00f3lenes del pl\u00e1tano oriental <strong>(en Molina, toda la Avenida Luis Cruz<\/strong> <strong>Mart\u00ednez, tiene esta especie)<\/strong>, aromo, olmo y \u00e1lamo, entre otros, y tambi\u00e9n los \u00e1caros del polvo.<\/p>\n<p style=\"text-align: justify;\"><a href=\"https:\/\/web.molina.cl\/wp-content\/uploads\/2015\/09\/alergias-platano-oriental-lcm-molina-2.jpg\"><img loading=\"lazy\" decoding=\"async\" class=\" td-modal-image aligncenter wp-image-2898 size-large\" src=\"https:\/\/web.molina.cl\/wp-content\/uploads\/2015\/09\/alergias-platano-oriental-lcm-molina-2-1024x785.jpg\" alt=\"alergias-platano-oriental-lcm-molina-2\" width=\"700\" height=\"537\"><\/a><\/p>\n<p style=\"text-align: justify;\"><strong>\u00bfC\u00f3mo se pueden prevenir?<\/strong><\/p>\n<p style=\"text-align: justify;\">Las recomendaciones de los especialistas para prevenir las alergias es primero, conocer a qu\u00e9 se es al\u00e9rgico, para as\u00ed definir la mejor forma de enfrentarla; esto se puede determinar mediante ex\u00e1menes de sangre y\/o test cut\u00e1neo.<\/p>\n","protected":false},"excerpt":{"rendered":"<p>Dentro de los m\u00e1s predominantes est\u00e1n los p\u00f3lenes del pl\u00e1tano oriental, (en Molina, toda la Avenida Luis Cruz Mart\u00ednez, tiene esta especie), aromo, olmo y \u00e1lamo, entre otros, y tambi\u00e9n los \u00e1caros del polvo.<\/p>\n","protected":false},"author":1,"featured_media":2895,"comment_status":"open","ping_status":"open","sticky":false,"template":"","format":"standard","meta":{"footnotes":""},"categories":[4,7],"tags":[373,374,375,376,377,378,379,380,381,382,383,384,385,386,387],"_links":{"self":[{"href":"https:\/\/web.molina.cl\/index.php?rest_route=\/wp\/v2\/posts\/2894"}],"collection":[{"href":"https:\/\/web.molina.cl\/index.php?rest_route=\/wp\/v2\/posts"}],"about":[{"href":"https:\/\/web.molina.cl\/index.php?rest_route=\/wp\/v2\/types\/post"}],"author":[{"embeddable":true,"href":"https:\/\/web.molina.cl\/index.php?rest_route=\/wp\/v2\/users\/1"}],"replies":[{"embeddable":true,"href":"https:\/\/web.molina.cl\/index.php?rest_route=%2Fwp%2Fv2%2Fcomments&post=2894"}],"version-history":[{"count":1,"href":"https:\/\/web.molina.cl\/index.php?rest_route=\/wp\/v2\/posts\/2894\/revisions"}],"predecessor-version":[{"id":42753,"href":"https:\/\/web.molina.cl\/index.php?rest_route=\/wp\/v2\/posts\/2894\/revisions\/42753"}],"wp:featuredmedia":[{"embeddable":true,"href":"https:\/\/web.molina.cl\/index.php?rest_route=\/"}],"wp:attachment":[{"href":"https:\/\/web.molina.cl\/index.php?rest_route=%2Fwp%2Fv2%2Fmedia&parent=2894"}],"wp:term":[{"taxonomy":"category","embeddable":true,"href":"https:\/\/web.molina.cl\/index.php?rest_route=%2Fwp%2Fv2%2Fcategories&post=2894"},{"taxonomy":"post_tag","embeddable":true,"href":"https:\/\/web.molina.cl\/index.php?rest_route=%2Fwp%2Fv2%2Ftags&post=2894"}],"curies":[{"name":"wp","href":"https:\/\/api.w.org\/{rel}","templated":true}]}}