{"id":2883,"date":"2015-09-21T12:05:06","date_gmt":"2015-09-21T15:05:06","guid":{"rendered":"http:\/\/web.molina.cl\/?p=2883"},"modified":"2020-11-24T19:24:52","modified_gmt":"2020-11-24T23:24:52","slug":"con-inclusion-y-responsabilidad-molina-se-robo-el-corazon-de-la-gente-en-fiestas-patrias","status":"publish","type":"post","link":"https:\/\/web.molina.cl\/?p=2883","title":{"rendered":"Con inclusi\u00f3n y responsabilidad Molina se rob\u00f3 el coraz\u00f3n de la gente en Fiestas Patrias"},"content":{"rendered":"<p style=\"text-align: justify;\">Con grandes actividades la Municipalidad de Molina conmemor\u00f3 un nuevo aniversario patrio, que convoc\u00f3 a vecinos de todos los sectores de la comuna.<br \/>\nLa actividad central fue el Te Deum Ecum\u00e9nico en la Parroquia Nuestra Se\u00f1ora del Tr\u00e1nsito de Molina encabezada por el P\u00e1rroco de la comuna, Mauricio Jacque, y cont\u00f3 con la presencia de la Gobernadora Provincial, Cristina Bravo; la Alcaldesa, Priscilla Castillo, el Seremi de Bienes Nacionales, Carlos Soto; la Directora Regional de Senda, Patricia Gajardo, el Mayor de Carabineros, Cristian Guti\u00e9rrez; el Superintendente de Bomberos, Ivan Retamales; Concejales y representantes de Gendarmer\u00eda, PDI, Injuv y organizaciones sociales y territoriales.<!--more--><\/p>\n<p style=\"text-align: justify;\">Fueron las mismas autoridades quienes se trasladaron al proscenio ubicado en la plaza de armas para dar inicio al acto c\u00edvico y desfile de fiestas patrias, que cont\u00f3 con la presencia de m\u00e1s de mil personas que acompa\u00f1aron a familiares y amigos que rindieron homenaje a la patria.<\/p>\n<p style=\"text-align: justify;\">\u201cHa sido una gran celebraci\u00f3n de la patria hemos visto como los molinenses, a pesar de la pena que hemos tenido, podemos compartir de manera familiar y amena estas fiestas. Vivimos un desfile lleno de alegr\u00eda y con una gran demostraci\u00f3n de inclusi\u00f3n que present\u00f3 la escuela Esperanza y la gran cantidad de instituciones y personas que quisieron rendir homenaje a nuestro aniversario patrio\u201d, precis\u00f3 la alcaldesa Priscilla Castillo.<\/p>\n<p style=\"text-align: justify;\"><strong>INCLUSI\u00d3N<\/strong><\/p>\n<p style=\"text-align: justify;\">La escuela diferencial Esperanza de Molina fue la anfitriona del desfile, fueron ellos quienes prepararon diversos n\u00fameros art\u00edsticos entorno a la inclusi\u00f3n y bailes conquistaron el coraz\u00f3n de los presentes.<\/p>\n<p style=\"text-align: justify;\">La cueca, la tirana y la m\u00fasica folcl\u00f3rica fueron las piezas art\u00edsticas preparadas por la totalidad de los ni\u00f1os con capacidades diferentes pertenecientes a este establecimiento educacional dependiente de la Municipalidad de Molina.<\/p>\n<p style=\"text-align: justify;\"><strong>RESPONSABILIDAD Y PREVENCI\u00d3N<\/strong><\/p>\n<p style=\"text-align: justify;\">Con mucho tiempo de anticipaci\u00f3n se ha realizado un trabajo informativo y de prevenci\u00f3n sobre el consumo de alcohol y los accidentes que se pueden ocasionar al conducir en estado de ebriedad.<\/p>\n<p style=\"text-align: justify;\">Seg\u00fan fuentes de carabineros no se han presentado grandes emergencias y accidentes en la comuna, por lo que este trabajo preventivo realizado por la Municipalidad y Carabineros ha resultado positivo en los habitantes de la comuna.<\/p>\n\n<p style=\"text-align: justify;\"><a href=\"https:\/\/web.molina.cl\/wp-content\/uploads\/2015\/09\/Fiestas-patrias-molina-priscilla-castillo1.jpg\"><br \/>\n<\/a> <a href=\"https:\/\/web.molina.cl\/wp-content\/uploads\/2015\/09\/IMG_6311.jpg\"><br \/>\n<\/a> <a href=\"https:\/\/web.molina.cl\/wp-content\/uploads\/2015\/09\/IMG_6312.jpg\"><br \/>\n<\/a> <a href=\"https:\/\/web.molina.cl\/wp-content\/uploads\/2015\/09\/IMG_6313.jpg\"><br \/>\n<\/a><\/p>\n","protected":false},"excerpt":{"rendered":"<p>Con grandes actividades la Municipalidad de Molina conmemor\u00f3 un nuevo aniversario patrio, que convoc\u00f3 a vecinos de todos los sectores de la comuna. La actividad central fue el Te Deum Ecum\u00e9nico en la Parroquia Nuestra Se\u00f1ora del Tr\u00e1nsito de Molina encabezada por el P\u00e1rroco de la comuna, Mauricio Jacque, y cont\u00f3 con la presencia de [&hellip;]<\/p>\n","protected":false},"author":1,"featured_media":2884,"comment_status":"open","ping_status":"open","sticky":false,"template":"","format":"standard","meta":{"footnotes":""},"categories":[2,3,4,16],"tags":[362,43,184,363,293,364,365,366,367,368,369,370,371,46,372],"_links":{"self":[{"href":"https:\/\/web.molina.cl\/index.php?rest_route=\/wp\/v2\/posts\/2883"}],"collection":[{"href":"https:\/\/web.molina.cl\/index.php?rest_route=\/wp\/v2\/posts"}],"about":[{"href":"https:\/\/web.molina.cl\/index.php?rest_route=\/wp\/v2\/types\/post"}],"author":[{"embeddable":true,"href":"https:\/\/web.molina.cl\/index.php?rest_route=\/wp\/v2\/users\/1"}],"replies":[{"embeddable":true,"href":"https:\/\/web.molina.cl\/index.php?rest_route=%2Fwp%2Fv2%2Fcomments&post=2883"}],"version-history":[{"count":1,"href":"https:\/\/web.molina.cl\/index.php?rest_route=\/wp\/v2\/posts\/2883\/revisions"}],"predecessor-version":[{"id":42754,"href":"https:\/\/web.molina.cl\/index.php?rest_route=\/wp\/v2\/posts\/2883\/revisions\/42754"}],"wp:featuredmedia":[{"embeddable":true,"href":"https:\/\/web.molina.cl\/index.php?rest_route=\/"}],"wp:attachment":[{"href":"https:\/\/web.molina.cl\/index.php?rest_route=%2Fwp%2Fv2%2Fmedia&parent=2883"}],"wp:term":[{"taxonomy":"category","embeddable":true,"href":"https:\/\/web.molina.cl\/index.php?rest_route=%2Fwp%2Fv2%2Fcategories&post=2883"},{"taxonomy":"post_tag","embeddable":true,"href":"https:\/\/web.molina.cl\/index.php?rest_route=%2Fwp%2Fv2%2Ftags&post=2883"}],"curies":[{"name":"wp","href":"https:\/\/api.w.org\/{rel}","templated":true}]}}