{"id":28596,"date":"2018-09-11T10:35:49","date_gmt":"2018-09-11T13:35:49","guid":{"rendered":"https:\/\/web.molina.cl\/?p=28596"},"modified":"2018-09-11T10:35:49","modified_gmt":"2018-09-11T13:35:49","slug":"botilleros-de-molina-firman-compromiso-de-cara-a-fiestas-patrias","status":"publish","type":"post","link":"https:\/\/web.molina.cl\/?p=28596","title":{"rendered":"Botilleros de Molina firman compromiso de cara a Fiestas Patrias"},"content":{"rendered":"<p style=\"text-align: justify;\">En el marco del trabajo conjunto que vienen realizando junto a la Direcci\u00f3n de Seguridad P\u00fablica del municipio y con el Senda, los botilleros de Molina firmaron un compromiso de no vender alcohol a menores de 18 a\u00f1os.<\/p>\n<p style=\"text-align: justify;\">El documento fue emanado tras una reuni\u00f3n entre el gremio y las autoridades, encabezando el encuentro la alcaldesa de Molina, Priscilla Castillo, quien hizo \u00e9nfasis en la necesidad de mayor organizaci\u00f3n comunitaria para enfrentar a la delincuencia.<\/p>\n<p style=\"text-align: justify;\">La jefa comunal aprovech\u00f3 la instancia para \u201cpedir mayor frecuencia de las rondas policiales\u201d por los sectores m\u00e1s conflictivos, para evitar des\u00f3rdenes o la posible ocurrencia de il\u00edcitos.<\/p>\n<p style=\"text-align: justify;\">Representando a los uniformados de la Cuarta Comisar\u00eda estuvo el Teniente Samuel Quezada, quien escuch\u00f3 las inquietudes y tom\u00f3 nota de todos los requerimientos que le plantearon los administradores de los expendios de bebidas alcoh\u00f3licas.<\/p>\n<p style=\"text-align: justify;\">\u201cHan servido bastante las reuniones\u201d, afirma Ruth Vergara Leyton, due\u00f1a del popular restaurante \u201cEl \u00d1aco\u201d. La locataria explica que \u201csi comparamos el ahora con la situaci\u00f3n que exist\u00eda antes, creo que las cosas ya est\u00e1n bastante bien; existen siempre los borrachos, pero se ha controlado bastante. A veces tambi\u00e9n se da que la gente le da plata a los vagabundos, les compra tragos y eso no est\u00e1 bien, por eso debemos trabajar en conjunto con la comunidad\u201d.<\/p>\n<p><a href=\"https:\/\/web.molina.cl\/wp-content\/uploads\/2018\/09\/resized_CGM_4306.jpg\"><img loading=\"lazy\" decoding=\"async\" class=\"aligncenter size-full wp-image-28597\" src=\"https:\/\/web.molina.cl\/wp-content\/uploads\/2018\/09\/resized_CGM_4306.jpg\" alt=\"\" width=\"920\" height=\"600\" \/><\/a><\/p>\n","protected":false},"excerpt":{"rendered":"<p>En el marco del trabajo conjunto que vienen realizando junto a la Direcci\u00f3n de Seguridad P\u00fablica del municipio y con el Senda, los botilleros de Molina firmaron un compromiso de no vender alcohol a menores de 18 a\u00f1os. El documento fue emanado tras una reuni\u00f3n entre el gremio y las autoridades, encabezando el encuentro la [&hellip;]<\/p>\n","protected":false},"author":2,"featured_media":28597,"comment_status":"open","ping_status":"open","sticky":false,"template":"","format":"standard","meta":{"footnotes":""},"categories":[68,4,47,1704],"tags":[1151,2694,2695,753,367,2696,940,741],"_links":{"self":[{"href":"https:\/\/web.molina.cl\/index.php?rest_route=\/wp\/v2\/posts\/28596"}],"collection":[{"href":"https:\/\/web.molina.cl\/index.php?rest_route=\/wp\/v2\/posts"}],"about":[{"href":"https:\/\/web.molina.cl\/index.php?rest_route=\/wp\/v2\/types\/post"}],"author":[{"embeddable":true,"href":"https:\/\/web.molina.cl\/index.php?rest_route=\/wp\/v2\/users\/2"}],"replies":[{"embeddable":true,"href":"https:\/\/web.molina.cl\/index.php?rest_route=%2Fwp%2Fv2%2Fcomments&post=28596"}],"version-history":[{"count":0,"href":"https:\/\/web.molina.cl\/index.php?rest_route=\/wp\/v2\/posts\/28596\/revisions"}],"wp:featuredmedia":[{"embeddable":true,"href":"https:\/\/web.molina.cl\/index.php?rest_route=\/"}],"wp:attachment":[{"href":"https:\/\/web.molina.cl\/index.php?rest_route=%2Fwp%2Fv2%2Fmedia&parent=28596"}],"wp:term":[{"taxonomy":"category","embeddable":true,"href":"https:\/\/web.molina.cl\/index.php?rest_route=%2Fwp%2Fv2%2Fcategories&post=28596"},{"taxonomy":"post_tag","embeddable":true,"href":"https:\/\/web.molina.cl\/index.php?rest_route=%2Fwp%2Fv2%2Ftags&post=28596"}],"curies":[{"name":"wp","href":"https:\/\/api.w.org\/{rel}","templated":true}]}}