{"id":28388,"date":"2018-08-23T10:03:19","date_gmt":"2018-08-23T13:03:19","guid":{"rendered":"http:\/\/web.molina.cl\/?p=28388"},"modified":"2020-11-20T12:10:11","modified_gmt":"2020-11-20T16:10:11","slug":"alumnos-y-apoderados-conocieron-avance-del-nuevo-edificio-del-liceo-bicentenario-de-molina","status":"publish","type":"post","link":"https:\/\/web.molina.cl\/?p=28388","title":{"rendered":"Alumnos y apoderados conocieron avance del nuevo edificio del Liceo Bicentenario de Molina"},"content":{"rendered":"<p><strong><em>Con admiraci\u00f3n y esperanza, los estudiantes y apoderados del Liceo Bicentenario Mar\u00eda del Tr\u00e1nsito de la Cruz de Molina visitaron las obras de lo que ser\u00e1n las nuevas instalaciones del establecimiento.<\/em><\/strong><\/p>\n<p style=\"text-align: justify;\">Guiados por personal de Constructora CASAA, junto a la alcaldesa de la comuna, Priscilla Castillo, los alumnos comprobaron con sus propios ojos el estado de avance de los trabajos para el recinto que se convertir\u00e1 en el primer Liceo Sello del pa\u00eds.<\/p>\n<p style=\"text-align: justify;\"><strong>MODERNA INFRAESTRUCTURA<\/strong><\/p>\n<p style=\"text-align: justify;\">Las nuevas dependencias contemplan m\u00e1s de cinco mil metros cuadrados y permitir\u00e1 cobijar a alrededor de 600 estudiantes al interior de sus aulas, las cuales estar\u00e1n equipadas con tecnolog\u00eda de \u00faltima generaci\u00f3n, como son las luces inteligentes y el aire acondicionado.<\/p>\n<p style=\"text-align: justify;\">Entre sus m\u00e1s llamativos espacios, destaca la amplia multicancha, una sala de m\u00fasica, un anfiteatro y lugares de esparcimiento con \u00e1rboles de menor tama\u00f1o.<\/p>\n<p style=\"text-align: justify;\">Para echar a andar el sue\u00f1o, desde el Ministerio de Educaci\u00f3n (Mineduc) tuvieron que inyectar m\u00e1s de cuatro mil millones de pesos, lo que se concret\u00f3 durante el pasado Gobierno de Michelle Bachelet.<\/p>\n<p style=\"text-align: justify;\"><strong>ENTUSIASMO<\/strong><\/p>\n<p style=\"text-align: justify;\">Muchos de los visitantes quedaron anonadados tras conocer de primera mano el avance del emblem\u00e1tico liceo. \u201cMe gust\u00f3 mucho, porque es muy grande y tiene cosas nuevas, como lo amplio de las salas, los lockers, los asientos. Donde estamos ahora, es s\u00faper chico y ahora habr\u00e1 hasta una cancha. Estamos ansiosos\u201d, coment\u00f3 Josefina Iturra, alumna del 3\u00baB del establecimiento.<\/p>\n<p style=\"text-align: justify;\">Su compa\u00f1ero, Etienne \u00c1lvarez, destaca \u201cel espacio que tendremos una vez que termine la obra. Nos llama la atenci\u00f3n tambi\u00e9n la implementaci\u00f3n de los salones, algo que no se ve ni en liceos m\u00e1s avanzados. Cuando yo estaba en 1\u00ba Medio, escuchaba de esto y no cre\u00eda; pero ahora vemos que s\u00ed se lograr\u00e1\u201d.<\/p>\n<p style=\"text-align: justify;\"><strong>PRIMER LICEO SELLO<\/strong><\/p>\n<p style=\"text-align: justify;\">Consultado sobre el estatus que tendr\u00e1 el plantel una vez que reciban el nuevo edificio, el Director, Dan Contreras, explic\u00f3 que \u201ces una tremenda responsabilidad ser el primer Liceo Sello de Chile, ya que una cosa es serlo y otra, es mantenerse como tal.&nbsp; Aparte de las condiciones de infraestructura y recursos energ\u00e9ticos, involucra tambi\u00e9n ser sello como proyecto y pr\u00e1ctica educativa tanto dentro como fuera del aula. Esto confirma que en Molina se est\u00e1 proyectando una educaci\u00f3n de calidad\u201d.<\/p>\n<p style=\"text-align: justify;\">Guiando la visita, la alcaldesa de la comuna, Priscilla Castillo, expres\u00f3 que el establecimiento \u201cest\u00e1 quedando precioso, yo creo que muchos de nosotros hemos quedado impresionados por el avance de las obras en este recinto que albergar\u00e1 a tantos ni\u00f1os y j\u00f3venes de nuestra comuna\u201d.<\/p>\n<p style=\"text-align: justify;\">El plazo de ejecuci\u00f3n del proyecto es de un a\u00f1o y medio, es decir, en junio del pr\u00f3ximo a\u00f1o deber\u00eda estar terminado. Sin embargo, debido a la rapidez de la edificaci\u00f3n, desde la constructora proyectan que el esperado momento podr\u00eda llegar incluso antes de lo previsto.<\/p>\n<p>&nbsp;<\/p>\n<div class=\"fb-video\" data-href=\"https:\/\/www.facebook.com\/municipalidadmolina\/videos\/526840071103596\/\" data-width=\"700\"><\/div>\n<p>&nbsp;<\/p>\n\n","protected":false},"excerpt":{"rendered":"<p>Con admiraci\u00f3n y esperanza, los estudiantes y apoderados del Liceo Bicentenario Mar\u00eda del Tr\u00e1nsito de la Cruz de Molina visitaron las obras de lo que ser\u00e1n las nuevas instalaciones del establecimiento. Guiados por personal de Constructora CASAA, junto a la alcaldesa de la comuna, Priscilla Castillo, los alumnos comprobaron con sus propios ojos el estado [&hellip;]<\/p>\n","protected":false},"author":2,"featured_media":28389,"comment_status":"open","ping_status":"open","sticky":false,"template":"","format":"standard","meta":{"footnotes":""},"categories":[4,5,40,6,25],"tags":[1677,70,823,502,1810,854],"_links":{"self":[{"href":"https:\/\/web.molina.cl\/index.php?rest_route=\/wp\/v2\/posts\/28388"}],"collection":[{"href":"https:\/\/web.molina.cl\/index.php?rest_route=\/wp\/v2\/posts"}],"about":[{"href":"https:\/\/web.molina.cl\/index.php?rest_route=\/wp\/v2\/types\/post"}],"author":[{"embeddable":true,"href":"https:\/\/web.molina.cl\/index.php?rest_route=\/wp\/v2\/users\/2"}],"replies":[{"embeddable":true,"href":"https:\/\/web.molina.cl\/index.php?rest_route=%2Fwp%2Fv2%2Fcomments&post=28388"}],"version-history":[{"count":1,"href":"https:\/\/web.molina.cl\/index.php?rest_route=\/wp\/v2\/posts\/28388\/revisions"}],"predecessor-version":[{"id":41960,"href":"https:\/\/web.molina.cl\/index.php?rest_route=\/wp\/v2\/posts\/28388\/revisions\/41960"}],"wp:featuredmedia":[{"embeddable":true,"href":"https:\/\/web.molina.cl\/index.php?rest_route=\/"}],"wp:attachment":[{"href":"https:\/\/web.molina.cl\/index.php?rest_route=%2Fwp%2Fv2%2Fmedia&parent=28388"}],"wp:term":[{"taxonomy":"category","embeddable":true,"href":"https:\/\/web.molina.cl\/index.php?rest_route=%2Fwp%2Fv2%2Fcategories&post=28388"},{"taxonomy":"post_tag","embeddable":true,"href":"https:\/\/web.molina.cl\/index.php?rest_route=%2Fwp%2Fv2%2Ftags&post=28388"}],"curies":[{"name":"wp","href":"https:\/\/api.w.org\/{rel}","templated":true}]}}