{"id":28378,"date":"2018-08-17T19:00:33","date_gmt":"2018-08-17T22:00:33","guid":{"rendered":"http:\/\/web.molina.cl\/?p=28378"},"modified":"2018-08-17T19:00:33","modified_gmt":"2018-08-17T22:00:33","slug":"instalaran-casi-600-luces-led-en-rutas-rurales-de-molina","status":"publish","type":"post","link":"https:\/\/web.molina.cl\/?p=28378","title":{"rendered":"Instalar\u00e1n casi 600 luces LED en rutas rurales de Molina"},"content":{"rendered":"<p style=\"text-align: justify;\">Un importante paso en materia de seguridad p\u00fablica y progreso vial tendr\u00e1 lugar en cuatro importantes sectores de Molina, gracias a la implementaci\u00f3n de un Proyecto de Mejoramiento de Alumbrado P\u00fablico.<\/p>\n<p style=\"text-align: justify;\">La medida consiste en la instalaci\u00f3n de alrededor de 590 luces LED en importantes rutas de la comuna, como es el camino Santa Luc\u00eda y Entre R\u00edos, adem\u00e1s de algunos sectores de Lontu\u00e9 y Casa Blanca que estaban pendientes de sumarse al recambio de luminarias.<\/p>\n<p style=\"text-align: justify;\">La iniciativa fue postulada por el municipio encabezado por la alcaldesa Priscilla Castillo, encontrando fondos en la Subsecretar\u00eda de Desarrollo Regional (Subdere), entidad dependiente del Ministerio del Interior que financi\u00f3 los m\u00e1s de $203,3 millones que contempla su ejecuci\u00f3n. \u00c9sta tiene un plazo m\u00e1ximo de 90 d\u00edas una vez iniciados los trabajos.<\/p>\n<p style=\"text-align: justify;\"><strong>MENOS CONSUMO<\/strong><\/p>\n<p style=\"text-align: justify;\">\u00a0\u201cEstamos muy contentos la entrega de recursos que hizo la Subdere, como tambi\u00e9n por la aprobaci\u00f3n del Concejo Municipal, lo que nos permitir\u00e1 sacar adelante estas importantes obras que mejorar\u00e1n la calidad de vida de la gente, ya que los nuevos focos alumbran m\u00e1s y consumen menos de la mitad de la energ\u00eda, adem\u00e1s de brindar mayor seguridad a quienes transitan por los lugares donde se instalar\u00e1n\u201d, precis\u00f3 la m\u00e1xima autoridad comunal.<\/p>\n<p style=\"text-align: justify;\">A modo de ejemplo, destac\u00f3 que una luminaria tradicional consume cerca de 150 watts, mientras que las que emplean tecnolog\u00eda LED, apenas utilizan 70 watts. \u201cEsto nos permite continuar nuestra l\u00ednea de cuidado del medioambiente, porque queremos entregarle a nuestros ni\u00f1os un mundo limpio, sano y con recursos naturales\u201d, agreg\u00f3.<\/p>\n<p style=\"text-align: justify;\">Entre las medidas para preservar el entorno, Priscilla Castillo resalt\u00f3 los operativos de limpieza y reciclaje de \u201ccachureos\u201d que se encuentran realizando en diversas poblaciones de Molina, mediante los cuales ya han recolectado m\u00e1s de 22 toneladas de artefactos en desuso. El s\u00e1bado fue el turno de la Villa El Trigal, en donde lo \u00fanico que no se recibi\u00f3, fueron neum\u00e1ticos y bater\u00edas.<\/p>\n<div class=\"fb-video\" data-href=\"https:\/\/www.facebook.com\/municipalidadmolina\/videos\/1737712369680976\/\" data-width=\"700\"><\/div>\n","protected":false},"excerpt":{"rendered":"<p>Un importante paso en materia de seguridad p\u00fablica y progreso vial tendr\u00e1 lugar en cuatro importantes sectores de Molina, gracias a la implementaci\u00f3n de un Proyecto de Mejoramiento de Alumbrado P\u00fablico. La medida consiste en la instalaci\u00f3n de alrededor de 590 luces LED en importantes rutas de la comuna, como es el camino Santa Luc\u00eda [&hellip;]<\/p>\n","protected":false},"author":2,"featured_media":28379,"comment_status":"open","ping_status":"open","sticky":false,"template":"","format":"standard","meta":{"footnotes":""},"categories":[3,4,21,6,47,25],"tags":[706,169,2674,2585,193,2675,1900,2676],"_links":{"self":[{"href":"https:\/\/web.molina.cl\/index.php?rest_route=\/wp\/v2\/posts\/28378"}],"collection":[{"href":"https:\/\/web.molina.cl\/index.php?rest_route=\/wp\/v2\/posts"}],"about":[{"href":"https:\/\/web.molina.cl\/index.php?rest_route=\/wp\/v2\/types\/post"}],"author":[{"embeddable":true,"href":"https:\/\/web.molina.cl\/index.php?rest_route=\/wp\/v2\/users\/2"}],"replies":[{"embeddable":true,"href":"https:\/\/web.molina.cl\/index.php?rest_route=%2Fwp%2Fv2%2Fcomments&post=28378"}],"version-history":[{"count":0,"href":"https:\/\/web.molina.cl\/index.php?rest_route=\/wp\/v2\/posts\/28378\/revisions"}],"wp:featuredmedia":[{"embeddable":true,"href":"https:\/\/web.molina.cl\/index.php?rest_route=\/"}],"wp:attachment":[{"href":"https:\/\/web.molina.cl\/index.php?rest_route=%2Fwp%2Fv2%2Fmedia&parent=28378"}],"wp:term":[{"taxonomy":"category","embeddable":true,"href":"https:\/\/web.molina.cl\/index.php?rest_route=%2Fwp%2Fv2%2Fcategories&post=28378"},{"taxonomy":"post_tag","embeddable":true,"href":"https:\/\/web.molina.cl\/index.php?rest_route=%2Fwp%2Fv2%2Ftags&post=28378"}],"curies":[{"name":"wp","href":"https:\/\/api.w.org\/{rel}","templated":true}]}}