{"id":27804,"date":"2018-07-29T00:52:06","date_gmt":"2018-07-29T03:52:06","guid":{"rendered":"http:\/\/web.molina.cl\/?p=27804"},"modified":"2018-07-29T00:52:06","modified_gmt":"2018-07-29T03:52:06","slug":"van-por-el-titulo-molina-avanzo-a-la-final-de-la-copa-del-rey-en-islandia","status":"publish","type":"post","link":"https:\/\/web.molina.cl\/?p=27804","title":{"rendered":"Van por el t\u00edtulo: Molina avanz\u00f3 a la final de la Copa del Rey en Islandia"},"content":{"rendered":"<p style=\"text-align: justify;\">Una jornada de\u00a0ensue\u00f1o vivi\u00f3 el equipo de la Escuela Reino de Dinamarca, representando a Molina y a Chile en la Rey Cup de Islandia.<\/p>\n<p style=\"text-align: justify;\">En una doble jornada, la escuadra Sub 14 jug\u00f3 su \u00faltimo partido correspondiente a la fase grupal del prestigioso torneo, como tambi\u00e9n el lance de eliminaci\u00f3n directa.<\/p>\n<p style=\"text-align: justify;\">Pese a la tempranera derrota por 3-2 ante KR, los dirigidos por Jos\u00e9 \u201cPepe\u201d Olivares\u00a0lograron reponerse para el decisivo lance de semifinales, en donde ya no se permit\u00edan errores.<\/p>\n<p style=\"text-align: justify;\">Con esta buena noticia, los chilenos entraron prendidos al partido contra Haukar, escuadra que hab\u00eda pasado invicto en el Grupo B. Aqu\u00ed los nacionales demostraron que saben corregir los errores r\u00e1pidamente y pudieron armar un buen juego ante sus envalentonados rivales.<\/p>\n<p style=\"text-align: justify;\">Es as\u00ed como, a los 17 minutos, un centro desde la derecha fue conectado de magn\u00edfica volea por uno de los refuerzos: el lontuenino Fernando Gonz\u00e1lez, tras centro de Basti\u00e1n Iturriaga. La celebraci\u00f3n del 1-0 fue con todo.<\/p>\n<p style=\"text-align: justify;\">El segundo tiempo tuvo suspenso, pero Molina supo sacar la tarea adelante con entereza, cortando los circuitos del mediocampo oponente y plant\u00e1ndose con personalidad sobre el \u00e1rea rival.<\/p>\n<p style=\"text-align: justify;\">En las postrimer\u00edas del segundo lapso, un remate de Kevin L\u00f3pez pudo haber dado el tiro de gracia, sin embargo, el disparo peg\u00f3 en el palo.<\/p>\n<p style=\"text-align: justify;\">Es as\u00ed como, tras unos nerviosos minutos finales, Reino de Dinamarca inscrib\u00eda con letras doradas su nombre y el de Chile en la final que se jugar\u00e1 este domingo, a eso de las 07:00 horas nacionales.<\/p>\n<p style=\"text-align: justify;\">\u201cLevantarse despu\u00e9s de caer es una de las virtudes m\u00e1s maravillosas de los molinenses y estos ni\u00f1os lo demostraron hoy\u201d, expres\u00f3 la alcaldesa, Priscilla Castillo. La autoridad afirm\u00f3 que \u201cestaremos haciendo barra por ellos desde aqu\u00ed e, independiente del resultado, para nosotros ellos ya son unos campeones\u201d.<\/p>\n<p style=\"text-align: justify;\">La transmisi\u00f3n puede seguirse a trav\u00e9s de la cuenta de Facebook de la Fundaci\u00f3n Ganamos Todos.<\/p>\n<p style=\"text-align: justify;\"><a href=\"https:\/\/web.molina.cl\/wp-content\/uploads\/2018\/07\/resized_Foto-1-Rey-Cup.jpg\"><img loading=\"lazy\" decoding=\"async\" class=\"aligncenter size-full wp-image-27817\" src=\"https:\/\/web.molina.cl\/wp-content\/uploads\/2018\/07\/resized_Foto-1-Rey-Cup.jpg\" alt=\"resized_Foto 1 Rey Cup\" width=\"900\" height=\"600\" \/><\/a><\/p>\n<p style=\"text-align: justify;\"><a href=\"https:\/\/web.molina.cl\/wp-content\/uploads\/2018\/07\/resized_DSC_0130.jpg\"><img loading=\"lazy\" decoding=\"async\" class=\"aligncenter size-full wp-image-27783\" src=\"https:\/\/web.molina.cl\/wp-content\/uploads\/2018\/07\/resized_DSC_0130.jpg\" alt=\"resized_DSC_0130\" width=\"898\" height=\"600\" \/><\/a><\/p>\n","protected":false},"excerpt":{"rendered":"<p>Una jornada de\u00a0ensue\u00f1o vivi\u00f3 el equipo de la Escuela Reino de Dinamarca, representando a Molina y a Chile en la Rey Cup de Islandia. En una doble jornada, la escuadra Sub 14 jug\u00f3 su \u00faltimo partido correspondiente a la fase grupal del prestigioso torneo, como tambi\u00e9n el lance de eliminaci\u00f3n directa. Pese a la tempranera [&hellip;]<\/p>\n","protected":false},"author":2,"featured_media":27817,"comment_status":"open","ping_status":"open","sticky":false,"template":"","format":"standard","meta":{"footnotes":""},"categories":[35,4,5,16,40,64],"tags":[598,2596,882,2597,2600,730,2649],"_links":{"self":[{"href":"https:\/\/web.molina.cl\/index.php?rest_route=\/wp\/v2\/posts\/27804"}],"collection":[{"href":"https:\/\/web.molina.cl\/index.php?rest_route=\/wp\/v2\/posts"}],"about":[{"href":"https:\/\/web.molina.cl\/index.php?rest_route=\/wp\/v2\/types\/post"}],"author":[{"embeddable":true,"href":"https:\/\/web.molina.cl\/index.php?rest_route=\/wp\/v2\/users\/2"}],"replies":[{"embeddable":true,"href":"https:\/\/web.molina.cl\/index.php?rest_route=%2Fwp%2Fv2%2Fcomments&post=27804"}],"version-history":[{"count":0,"href":"https:\/\/web.molina.cl\/index.php?rest_route=\/wp\/v2\/posts\/27804\/revisions"}],"wp:featuredmedia":[{"embeddable":true,"href":"https:\/\/web.molina.cl\/index.php?rest_route=\/"}],"wp:attachment":[{"href":"https:\/\/web.molina.cl\/index.php?rest_route=%2Fwp%2Fv2%2Fmedia&parent=27804"}],"wp:term":[{"taxonomy":"category","embeddable":true,"href":"https:\/\/web.molina.cl\/index.php?rest_route=%2Fwp%2Fv2%2Fcategories&post=27804"},{"taxonomy":"post_tag","embeddable":true,"href":"https:\/\/web.molina.cl\/index.php?rest_route=%2Fwp%2Fv2%2Ftags&post=27804"}],"curies":[{"name":"wp","href":"https:\/\/api.w.org\/{rel}","templated":true}]}}