{"id":2760,"date":"2015-09-10T10:02:15","date_gmt":"2015-09-10T13:02:15","guid":{"rendered":"http:\/\/web.molina.cl\/?p=2760"},"modified":"2020-11-24T19:24:58","modified_gmt":"2020-11-24T23:24:58","slug":"municipalidad-de-molina-prepara-entretenidos-panoramas-para-fiestas-patrias","status":"publish","type":"post","link":"https:\/\/web.molina.cl\/?p=2760","title":{"rendered":"Municipalidad de Molina prepara entretenidos panoramas para fiestas patrias"},"content":{"rendered":"<p style=\"text-align: justify;\">Una nutrida agenda art\u00edstica y cultural prepara la Municipalidad de Molina para estas fiestas patrias, las cuales contemplaron a diversos sectores de la comuna para que estas que estos d\u00edas se vivan en familia y en comunidad.<!--more--><\/p>\n<p style=\"text-align: justify;\">\u201cSabemos que la gente de Molina ha estado triste el \u00faltimo tiempo, los tr\u00e1gicos acontecimientos nos han tocado mucho, por eso preparamos alegres actividades para subir el \u00e1nimo de todos y poder vivir estas fiestas patrias con nuestras familias y con nuestra gente\u201d, coment\u00f3 la alcaldesa Priscilla Castillo.<\/p>\n<p style=\"text-align: justify;\"><strong>PROGRAMA DE ACTIVIDADES<\/strong><\/p>\n<p style=\"text-align: justify;\">Las actividades comenzaron el s\u00e1bado 05 con el gran esquinazo en el mercado municipal, el que congreg\u00f3 a un centenar de vecinos del centro de Molina. Una actividad organizada por los locatarios y que de manera tradicional se realiza todos los a\u00f1os.<\/p>\n<p style=\"text-align: justify;\">El d\u00eda jueves 10 Molina ser\u00e1 epicentro de la cueca de adultos mayores con la realizaci\u00f3n del campeonato regional, el que comenzar\u00e1 a las 14:30 hrs. en el gimnasio municipal. Durante el fin de semana ser\u00e1 ese recinto el que albergar\u00e1 a quienes colaboran con la asociaci\u00f3n de funcionarios municipales, quienes organizan un gran bingo el domingo 13 a las 16:00 hrs. contando con grandes premios para quienes quieran participar.<\/p>\n<p style=\"text-align: justify;\">Los desfiles en comunidades comienzan el martes 15 a las 11:00 hrs. en la cancha de Pichingal y a las 16:00 hrs. en la cancha de la escuela de Tres Esquinas. Para el mi\u00e9rcoles 16 el desfile se traslada a la comunidad de Casablanca. El d\u00eda jueves 17 a las 12:00 hrs. se realizar\u00e1 el desfile en Lontu\u00e9 junto a la inauguraci\u00f3n de las ferias gastron\u00f3micas y de artesan\u00eda en la misma plaza de Lontu\u00e9 y en la plaza de Molina, junto a una muestra folcl\u00f3rica a las 20:00 hrs. en ambos lugares.<\/p>\n<p style=\"text-align: justify;\">El 18 de septiembre en Molina comenzar\u00e1 con un Tedeum Ecum\u00e9nico que presidir\u00e1 el p\u00e1rroco de Molina Mauricio Jaque en la parroquia Nuestra Se\u00f1ora del Tr\u00e1nsito, para luego continuar con el desfile en la plaza de armas. Durante la tarde, a las 18:00 hrs. se realizar\u00e1 una muestra de artes y oficios para seguir a las 20:00 hrs. con la muestra de danza y m\u00fasica folcl\u00f3rica que acompa\u00f1ar\u00e1 la feria gastron\u00f3mica y de artesan\u00eda que estar\u00e1 instalada de forma permanente en la plaza de Molina y Lontu\u00e9.<\/p>\n<p style=\"text-align: justify;\">Estos lugares seguir\u00e1n siendo epicentro de las actividades patrias, ya que el d\u00eda 19 seguir\u00e1 funcionando la feria de artesan\u00eda y gastronom\u00eda junto a la muestra de artes y oficios tradicionales a las 18:00 hrs. que ser\u00e1n la antesala de las muestras folcl\u00f3ricas en ambos lugares.<\/p>\n<p style=\"text-align: justify;\">Las actividades finalizar\u00e1n el domingo 20 con la \u00faltima muestra de m\u00fasica y danzas folcl\u00f3ricas a las 12:00 hrs. en la plazas de Molina y Lontu\u00e9.<\/p>\n<p style=\"text-align: justify;\"><img loading=\"lazy\" decoding=\"async\" class=\"aligncenter size-full wp-image-2691\" src=\"https:\/\/web.molina.cl\/wp-content\/uploads\/2015\/09\/fiestas-patrias-en-molina-2015.jpg\" alt=\"fiestas-patrias-en-molina-2015\" width=\"700\" height=\"906\"><\/p>\n","protected":false},"excerpt":{"rendered":"<p>Una nutrida agenda art\u00edstica y cultural prepara la Municipalidad de Molina para estas fiestas patrias, las cuales contemplaron a diversos sectores de la comuna para que estas que estos d\u00edas se vivan en familia y en comunidad.<\/p>\n","protected":false},"author":1,"featured_media":2763,"comment_status":"open","ping_status":"open","sticky":false,"template":"","format":"standard","meta":{"footnotes":""},"categories":[2,4,16],"tags":[330,331,332,333,334,335,336,337,338,339,340,341,342],"_links":{"self":[{"href":"https:\/\/web.molina.cl\/index.php?rest_route=\/wp\/v2\/posts\/2760"}],"collection":[{"href":"https:\/\/web.molina.cl\/index.php?rest_route=\/wp\/v2\/posts"}],"about":[{"href":"https:\/\/web.molina.cl\/index.php?rest_route=\/wp\/v2\/types\/post"}],"author":[{"embeddable":true,"href":"https:\/\/web.molina.cl\/index.php?rest_route=\/wp\/v2\/users\/1"}],"replies":[{"embeddable":true,"href":"https:\/\/web.molina.cl\/index.php?rest_route=%2Fwp%2Fv2%2Fcomments&post=2760"}],"version-history":[{"count":1,"href":"https:\/\/web.molina.cl\/index.php?rest_route=\/wp\/v2\/posts\/2760\/revisions"}],"predecessor-version":[{"id":42758,"href":"https:\/\/web.molina.cl\/index.php?rest_route=\/wp\/v2\/posts\/2760\/revisions\/42758"}],"wp:featuredmedia":[{"embeddable":true,"href":"https:\/\/web.molina.cl\/index.php?rest_route=\/"}],"wp:attachment":[{"href":"https:\/\/web.molina.cl\/index.php?rest_route=%2Fwp%2Fv2%2Fmedia&parent=2760"}],"wp:term":[{"taxonomy":"category","embeddable":true,"href":"https:\/\/web.molina.cl\/index.php?rest_route=%2Fwp%2Fv2%2Fcategories&post=2760"},{"taxonomy":"post_tag","embeddable":true,"href":"https:\/\/web.molina.cl\/index.php?rest_route=%2Fwp%2Fv2%2Ftags&post=2760"}],"curies":[{"name":"wp","href":"https:\/\/api.w.org\/{rel}","templated":true}]}}