{"id":27360,"date":"2018-07-06T14:25:07","date_gmt":"2018-07-06T17:25:07","guid":{"rendered":"http:\/\/web.molina.cl\/?p=27360"},"modified":"2018-07-06T14:25:07","modified_gmt":"2018-07-06T17:25:07","slug":"escolares-de-molina-celebraron-el-dia-de-la-bandera-con-acto-en-honor-a-luis-cruz-martinez","status":"publish","type":"post","link":"https:\/\/web.molina.cl\/?p=27360","title":{"rendered":"Escolares de Molina celebraron el D\u00eda de la Bandera con acto en honor a Luis Cruz Mart\u00ednez"},"content":{"rendered":"<p style=\"text-align: justify;\">Un acto conmemorativo hacia quienes dieron su vida por la patria realizaron los estudiantes de diversas escuelas de Molina para el D\u00eda de la Bandera.<\/p>\n<p style=\"text-align: justify;\">Todo comenz\u00f3 con el homenaje al h\u00e9roe local, Luis Cruz Mart\u00ednez, en su monumento ubicado en calle Quechereguas, donde tanto el Orfe\u00f3n Juvenil como las autoridades dieron el inicio a la emotiva cita con la historia mediante una ofrenda floral.<\/p>\n<p style=\"text-align: justify;\">El plato fuerte tendr\u00eda lugar en el Liceo Polivalente, aunando a los portaestandartes de cada establecimiento educativo de la tur\u00edstica comuna, dando muestras de unidad frente a una fecha tan emblem\u00e1tica.<\/p>\n<p style=\"text-align: justify;\">La ceremonia cont\u00f3 con la participaci\u00f3n de los talentos art\u00edsticos locales, teniendo como principales exponentes al taller de danza, integrado por alumnos de 3\u00ba y 4\u00ba Medio.<\/p>\n<p style=\"text-align: justify;\">Posteriormente, lo estudiantes realizaron una representaci\u00f3n teatral de la historia de nuestro s\u00edmbolo nacional, mediante la obra titulada \u201cEl Nacimiento de la Tricolor\u201d, desatando la admiraci\u00f3n y los aplausos del p\u00fablico.<\/p>\n<p style=\"text-align: justify;\">Finalmente, se despidi\u00f3 el evento con un infaltable pie de cueca, ocasi\u00f3n en donde incluso las autoridades tomaron parte para dar as\u00ed el ejemplo de que la chilenidad se vive a flor de piel en Molina.<\/p>\n<p style=\"text-align: justify;\">La alcaldesa de la comuna, Priscilla Castillo, resalt\u00f3 la importancia de este acto c\u00edvico, ya que \u201cnuestra intenci\u00f3n es fomentar valores en la educaci\u00f3n y hoy los j\u00f3venes pudieron rememorar a quienes dieron su vida por la patria. Creo que estos valores son muy importantes al momento de valorar lo que hoy tenemos como ciudadanos de esta hermosa patria y permitir\u00e1 que las nuevas generaciones puedan construir un futuro mejor sin perder nuestra identidad como chilenos\u201d.<\/p>\n\n","protected":false},"excerpt":{"rendered":"<p>Un acto conmemorativo hacia quienes dieron su vida por la patria realizaron los estudiantes de diversas escuelas de Molina para el D\u00eda de la Bandera. Todo comenz\u00f3 con el homenaje al h\u00e9roe local, Luis Cruz Mart\u00ednez, en su monumento ubicado en calle Quechereguas, donde tanto el Orfe\u00f3n Juvenil como las autoridades dieron el inicio a [&hellip;]<\/p>\n","protected":false},"author":2,"featured_media":27441,"comment_status":"open","ping_status":"open","sticky":false,"template":"","format":"standard","meta":{"footnotes":""},"categories":[2,4,5,40,64],"tags":[2642,186,2643,2644,441,189],"_links":{"self":[{"href":"https:\/\/web.molina.cl\/index.php?rest_route=\/wp\/v2\/posts\/27360"}],"collection":[{"href":"https:\/\/web.molina.cl\/index.php?rest_route=\/wp\/v2\/posts"}],"about":[{"href":"https:\/\/web.molina.cl\/index.php?rest_route=\/wp\/v2\/types\/post"}],"author":[{"embeddable":true,"href":"https:\/\/web.molina.cl\/index.php?rest_route=\/wp\/v2\/users\/2"}],"replies":[{"embeddable":true,"href":"https:\/\/web.molina.cl\/index.php?rest_route=%2Fwp%2Fv2%2Fcomments&post=27360"}],"version-history":[{"count":0,"href":"https:\/\/web.molina.cl\/index.php?rest_route=\/wp\/v2\/posts\/27360\/revisions"}],"wp:featuredmedia":[{"embeddable":true,"href":"https:\/\/web.molina.cl\/index.php?rest_route=\/"}],"wp:attachment":[{"href":"https:\/\/web.molina.cl\/index.php?rest_route=%2Fwp%2Fv2%2Fmedia&parent=27360"}],"wp:term":[{"taxonomy":"category","embeddable":true,"href":"https:\/\/web.molina.cl\/index.php?rest_route=%2Fwp%2Fv2%2Fcategories&post=27360"},{"taxonomy":"post_tag","embeddable":true,"href":"https:\/\/web.molina.cl\/index.php?rest_route=%2Fwp%2Fv2%2Ftags&post=27360"}],"curies":[{"name":"wp","href":"https:\/\/api.w.org\/{rel}","templated":true}]}}