{"id":26450,"date":"2018-06-08T13:36:05","date_gmt":"2018-06-08T16:36:05","guid":{"rendered":"http:\/\/web.molina.cl\/?p=26450"},"modified":"2018-06-08T13:36:05","modified_gmt":"2018-06-08T16:36:05","slug":"ninos-y-jovenes-brillaron-en-feria-de-ciencias-de-molina","status":"publish","type":"post","link":"https:\/\/web.molina.cl\/?p=26450","title":{"rendered":"Ni\u00f1os y j\u00f3venes brillaron en Feria de Ciencias de Molina"},"content":{"rendered":"<p style=\"text-align: justify;\">Dando muestras de la importancia del conocimiento llevado a la pr\u00e1ctica, m\u00e1s de 120 estudiantes de Ense\u00f1anza B\u00e1sica y Media se reunieron en el gimnasio municipal de Molina para exponer diversos experimentos, maquetas y proyectos innovadores.<\/p>\n<p style=\"text-align: justify;\">Se trat\u00f3 de la tercera versi\u00f3n de la Feria de Ciencias del Liceo Bicentenario Mar\u00eda del Tr\u00e1nsito, evento que en esta oportunidad cont\u00f3 con la colaboraci\u00f3n de la Direcci\u00f3n Comunal de Educaci\u00f3n, abri\u00e9ndose as\u00ed hacia otros diez establecimientos participantes.<\/p>\n<p style=\"text-align: justify;\">\n<p style=\"text-align: justify;\"><strong>Pasi\u00f3n por la ciencia<\/strong><\/p>\n<p style=\"text-align: justify;\">Los j\u00f3venes llegaron desde temprano al gimnasio para armar sus stands y exponer el funcionamiento de sus proyectos ante un riguroso jurado formado por profesores, no siendo impedimento las bajas temperaturas que imperaban en la ma\u00f1ana molinense.<\/p>\n<p style=\"text-align: justify;\">Ideas como una \u201cparrilla ecol\u00f3gica\u201d o \u201celectro-limones\u201d fueron solo algunas de las que llevaron a la pr\u00e1ctica los ni\u00f1os y j\u00f3venes, quienes pudieron intercambiar experiencias con sus pares de otros recintos educacionales.<\/p>\n<p style=\"text-align: justify;\">Entre los competidores, adem\u00e1s de los due\u00f1os de casa, hubo delegaciones de la Escuela Superior de Molina, la hist\u00f3rica Luis Maldonado Boggiano de Itahue, el Colegio Cordillera, San Jorge de Romeral, el Liceo Polivalente y el Liceo Juan Morales de Lontu\u00e9. Incluso estuvo presente Initec Diego Portales de Curic\u00f3, logrando expandir as\u00ed el evento hacia la vecina comuna.<\/p>\n<p style=\"text-align: justify;\">\n<p style=\"text-align: justify;\"><strong>Emoci\u00f3n<\/strong><\/p>\n<p style=\"text-align: justify;\">En la categor\u00eda B\u00e1sica, el primer lugar fue para Liceo Bicentenario con la exposici\u00f3n \u201cAcelerando la germinaci\u00f3n de semillas de lechuga con el poderoso maqui\u201d; mientras que en Ense\u00f1anza Media, los ganadores fueron los representantes del Liceo Juan Morales de Lontu\u00e9 con \u201cFeijoa: un fruto escondido en Molina\u201d. Ambos se llevaron, junto al galvano, una tablet de premio.<\/p>\n<p style=\"text-align: justify;\">Precisamente, uno de los alumnos integrantes de este \u00faltimo equipo, Rodrigo Vald\u00e9s, reconoci\u00f3 que \u201cla verdad es que fue bastante emocionante, adem\u00e1s que nuestro proyecto lo desarrollamos hace un a\u00f1o y lo mostramos en la Universidad de Talca, donde hab\u00edamos obtenido el segundo puesto. Ha sido todo muy bonito\u201d.<\/p>\n<p style=\"text-align: justify;\">Por su parte, el Director Comunal de Educaci\u00f3n, Gabriel Silva, indic\u00f3 que \u201cestamos muy contentos de poder abrir esta gran experiencia hacia la comunidad escolar, tal como nos lo ha encomendado nuestra alcaldesa, Priscilla Castillo. Sin duda que llevar el conocimiento a la pr\u00e1ctica tiene un valor tremendamente significativo para los ni\u00f1os y esperamos que haya cada vez m\u00e1s j\u00f3venes interesados en la ciencia\u201d.<\/p>\n<p style=\"text-align: justify;\">En tanto, el Director del Liceo Bicentenario, Dan Contreras, manifest\u00f3 que \u201cprimero, esto es una instancia comunal y representa lo que se hace por la educaci\u00f3n en Molina. En segundo lugar, permite seguir potenciando el conocimiento y estimulando el bichito de la curiosidad en nuestros estudiantes. Apostamos a que alguno de los expositores sea, alg\u00fan d\u00eda, un futuro cient\u00edfico a trav\u00e9s de experiencias concretas, como esta feria\u201d.<\/p>\n\n","protected":false},"excerpt":{"rendered":"<p>Dando muestras de la importancia del conocimiento llevado a la pr\u00e1ctica, m\u00e1s de 120 estudiantes de Ense\u00f1anza B\u00e1sica y Media se reunieron en el gimnasio municipal de Molina para exponer diversos experimentos, maquetas y proyectos innovadores. Se trat\u00f3 de la tercera versi\u00f3n de la Feria de Ciencias del Liceo Bicentenario Mar\u00eda del Tr\u00e1nsito, evento que [&hellip;]<\/p>\n","protected":false},"author":2,"featured_media":26477,"comment_status":"open","ping_status":"open","sticky":false,"template":"","format":"standard","meta":{"footnotes":""},"categories":[4,5,16,927,40,21,64],"tags":[2619,436,2620,2621,502,529,441],"_links":{"self":[{"href":"https:\/\/web.molina.cl\/index.php?rest_route=\/wp\/v2\/posts\/26450"}],"collection":[{"href":"https:\/\/web.molina.cl\/index.php?rest_route=\/wp\/v2\/posts"}],"about":[{"href":"https:\/\/web.molina.cl\/index.php?rest_route=\/wp\/v2\/types\/post"}],"author":[{"embeddable":true,"href":"https:\/\/web.molina.cl\/index.php?rest_route=\/wp\/v2\/users\/2"}],"replies":[{"embeddable":true,"href":"https:\/\/web.molina.cl\/index.php?rest_route=%2Fwp%2Fv2%2Fcomments&post=26450"}],"version-history":[{"count":0,"href":"https:\/\/web.molina.cl\/index.php?rest_route=\/wp\/v2\/posts\/26450\/revisions"}],"wp:featuredmedia":[{"embeddable":true,"href":"https:\/\/web.molina.cl\/index.php?rest_route=\/"}],"wp:attachment":[{"href":"https:\/\/web.molina.cl\/index.php?rest_route=%2Fwp%2Fv2%2Fmedia&parent=26450"}],"wp:term":[{"taxonomy":"category","embeddable":true,"href":"https:\/\/web.molina.cl\/index.php?rest_route=%2Fwp%2Fv2%2Fcategories&post=26450"},{"taxonomy":"post_tag","embeddable":true,"href":"https:\/\/web.molina.cl\/index.php?rest_route=%2Fwp%2Fv2%2Ftags&post=26450"}],"curies":[{"name":"wp","href":"https:\/\/api.w.org\/{rel}","templated":true}]}}