{"id":24014,"date":"2018-03-05T16:50:05","date_gmt":"2018-03-05T19:50:05","guid":{"rendered":"http:\/\/web.molina.cl\/?p=24014"},"modified":"2018-03-05T16:50:05","modified_gmt":"2018-03-05T19:50:05","slug":"inicio-de-clases-con-felicidad-experto-internacional-daniel-cerezo-dicto-charlas-para-comunidad-educativa-en-molina","status":"publish","type":"post","link":"https:\/\/web.molina.cl\/?p=24014","title":{"rendered":"Inicio de clases con Felicidad: Experto internacional Daniel Cerezo dict\u00f3 charlas para comunidad educativa en Molina"},"content":{"rendered":"<p style=\"text-align: justify;\">Buscando generar una experiencia distinta para la vuelta a clases y con el objetivo de motivar a la comunidad educativa, el reconocido psic\u00f3logo social y experto argentino, Daniel Cerezo, arrib\u00f3 a Molina para motivar a sus oyentes en esta nueva etapa.<br \/>\nLas conferencias se dieron en el marco de la ceremonia de Inicio del A\u00f1o Escolar, en donde se entregaron reconocimientos a los alumnos destacados de diversos establecimientos de la comuna.<br \/>\nSiendo la Felicidad (s\u00ed, con may\u00fascula) su tema central, el tambi\u00e9n asesor de Mauricio Macri realiz\u00f3 charlas motivadoras ense\u00f1ando acerca de c\u00f3mo luchar por alcanzar la tan anhelada felicidad y tambi\u00e9n sobre la pobreza, citando su propio caso de vida a modo de ejemplo.<br \/>\n\u201cTodos somos pobres por lo que nos falta y ricos por lo que podemos dar\u201d, fue una de las frases del profesional que marcaron tanto a alumnos como a profesores y apoderados, adem\u00e1s del p\u00fablico asistente que replet\u00f3 el renovado teatro municipal para ver al expositor transandino que tambi\u00e9n\u00a0se hizo presente en la Escuela Eduardo Frei Montalva de Lontu\u00e9.<br \/>\nEn la oportunidad, el especialista recalc\u00f3 que \u201cpara m\u00ed, la felicidad es una decisi\u00f3n que tomo todos los d\u00edas. Obviamente, hay momentos dif\u00edciles como la p\u00e9rdida de alguien, pero eso lo puedo transformar y hacer algo para recordar a esa persona todos los d\u00edas\u201d.<br \/>\nSobre nuestra comuna, Cerezo confes\u00f3 que \u201cla verdad es que me llam\u00f3 la atenci\u00f3n la humildad y sencillez de los molinenses, algo que se ha perdido en las grandes ciudades: todos se conocen, hay una alcaldesa muy cercana con sus ciudadanos, puedes caminar y la gente te saluda. Esa calidad humana es admirable y nos permite anticiparnos a los males que aquejan a las grandes ciudades, como el consumismo, las drogas y la delincuencia. Est\u00e1 la posibilidad de mantener esta humanidad\u201d.<br \/>\nAdem\u00e1s, entreg\u00f3 un especial mensaje a los ni\u00f1os y ni\u00f1as de la comuna, inst\u00e1ndolos a que \u201cbusquen todas las oportunidades para cumplir sus sue\u00f1os. Nada de lo que sue\u00f1an es imposible, lo imposible solo tarda m\u00e1s en llegar\u201d, remat\u00f3.<br \/>\nPor su parte, la alcaldesa de Molina, Priscilla Castillo, indic\u00f3 que \u201cuno de nuestros objetivos como administraci\u00f3n municipal es ayudar a construir m\u00e1s felicidad en las personas y a mejorar su calidad de vida. Esto parece una frase clich\u00e9, pero es algo que s\u00ed se puede lograr; Daniel nos ha demostrado que, independientemente de las situaciones que enfrentemos, hay que ser optimistas. Adem\u00e1s, creo que estas jornadas han sido muy provechosas y esperamos que rindan sus frutos de aqu\u00ed en adelante\u201d.<br \/>\nEn tanto, el Director Comunal de Educaci\u00f3n, Gabriel Silva, asegur\u00f3 que \u201cnuestros 23 establecimientos, as\u00ed como los Jardines VTF (V\u00eda Transferencia de Fondos), fueron invitados a la ceremonia con este exponente argentino con el que quisimos dar una connotaci\u00f3n diferente al a\u00f1o escolar. Queremos desarrollar la felicidad tambi\u00e9n en los espacios educativos, as\u00ed como tambi\u00e9n para nuestros ni\u00f1os y ni\u00f1as en el proceso ense\u00f1anza-aprendizaje\u201d.<\/p>\n<p><br \/>\n<iframe loading=\"lazy\" src=\"https:\/\/www.facebook.com\/plugins\/video.php?href=https%3A%2F%2Fwww.facebook.com%2Fmunicipalidadmolina%2Fvideos%2F927191897461226%2F&#038;show_text=0&#038;width=560\" width=\"560\" height=\"315\" style=\"border:none;overflow:hidden\" scrolling=\"no\" frameborder=\"0\" allowTransparency=\"true\" allowFullScreen=\"true\"><\/iframe><\/p>\n","protected":false},"excerpt":{"rendered":"<p>Buscando generar una experiencia distinta para la vuelta a clases y con el objetivo de motivar a la comunidad educativa, el reconocido psic\u00f3logo social y experto argentino, Daniel Cerezo, arrib\u00f3 a Molina para motivar a sus oyentes en esta nueva etapa. Las conferencias se dieron en el marco de la ceremonia de Inicio del A\u00f1o [&hellip;]<\/p>\n","protected":false},"author":2,"featured_media":24021,"comment_status":"open","ping_status":"open","sticky":false,"template":"","format":"standard","meta":{"footnotes":""},"categories":[4,5],"tags":[70,290,2554,2550,52],"_links":{"self":[{"href":"https:\/\/web.molina.cl\/index.php?rest_route=\/wp\/v2\/posts\/24014"}],"collection":[{"href":"https:\/\/web.molina.cl\/index.php?rest_route=\/wp\/v2\/posts"}],"about":[{"href":"https:\/\/web.molina.cl\/index.php?rest_route=\/wp\/v2\/types\/post"}],"author":[{"embeddable":true,"href":"https:\/\/web.molina.cl\/index.php?rest_route=\/wp\/v2\/users\/2"}],"replies":[{"embeddable":true,"href":"https:\/\/web.molina.cl\/index.php?rest_route=%2Fwp%2Fv2%2Fcomments&post=24014"}],"version-history":[{"count":0,"href":"https:\/\/web.molina.cl\/index.php?rest_route=\/wp\/v2\/posts\/24014\/revisions"}],"wp:featuredmedia":[{"embeddable":true,"href":"https:\/\/web.molina.cl\/index.php?rest_route=\/"}],"wp:attachment":[{"href":"https:\/\/web.molina.cl\/index.php?rest_route=%2Fwp%2Fv2%2Fmedia&parent=24014"}],"wp:term":[{"taxonomy":"category","embeddable":true,"href":"https:\/\/web.molina.cl\/index.php?rest_route=%2Fwp%2Fv2%2Fcategories&post=24014"},{"taxonomy":"post_tag","embeddable":true,"href":"https:\/\/web.molina.cl\/index.php?rest_route=%2Fwp%2Fv2%2Ftags&post=24014"}],"curies":[{"name":"wp","href":"https:\/\/api.w.org\/{rel}","templated":true}]}}