{"id":23879,"date":"2018-02-28T12:28:39","date_gmt":"2018-02-28T15:28:39","guid":{"rendered":"http:\/\/web.molina.cl\/?p=23879"},"modified":"2018-02-28T12:28:39","modified_gmt":"2018-02-28T15:28:39","slug":"entusiasmo-genera-lanzamiento-de-proyecto-de-seguridad-publica-en-poblacion-transito-de-la-cruz","status":"publish","type":"post","link":"https:\/\/web.molina.cl\/?p=23879","title":{"rendered":"Entusiasmo genera lanzamiento de proyecto de Seguridad P\u00fablica en poblaci\u00f3n Tr\u00e1nsito de la Cruz"},"content":{"rendered":"<p style=\"text-align: justify;\">Con mucho entusiasmo se realiz\u00f3 la ceremonia oficial de inicio del proyecto de Seguridad P\u00fablica que se adjudic\u00f3 la Junta de Vecinos N\u00ba1 Tr\u00e1nsito de la Cruz de Molina.<\/p>\n<p style=\"text-align: justify;\">Se trata de una iniciativa que comenz\u00f3 a funcionar en el sector durante enero y que se extender\u00e1 por 10 meses m\u00e1s, teniendo a su disposici\u00f3n a dos trabajadoras sociales encargadas de establecer los nexos entre comunidad y la Direcci\u00f3n de Seguridad P\u00fablica del municipio.<\/p>\n<p style=\"text-align: justify;\">El programa es financiado por la Subsecretar\u00eda de Prevenci\u00f3n del Delito, dependiente del Ministerio del Interior y apunta a que los beneficiarios puedan ir recuperando espacios de uso p\u00fablico y cuenten cada vez con m\u00e1s y mejores herramientas para combatir el crimen.<\/p>\n<p style=\"text-align: justify;\">Entre las actividades contempladas, se cuenta con traer a relatores del Instituto de Bienestar, quienes abordar\u00e1n tem\u00e1ticas como delincuencia, drogadicci\u00f3n y violencia intrafamiliar.<\/p>\n<p style=\"text-align: justify;\">En la ceremonia, la alcaldesa de Molina, Priscilla Castillo, felicit\u00f3 a los vecinos por la implementaci\u00f3n del proyecto, destacando que \u201cen esta oportunidad, se est\u00e1 fomentando el trabajo comunitario para poder prevenir factores de riesgo que detectamos en la poblaci\u00f3n. La idea no es que nosotros como municipalidad impongamos lo que se har\u00e1, sino que los profesionales realicen un diagn\u00f3stico y ayudarles a determinar cu\u00e1les son las acciones que se concretar\u00e1n\u201d.<\/p>\n<p style=\"text-align: justify;\">En la instancia tambi\u00e9n asistieron representantes de Carabineros de Chile y el Comisario de la PDI local, Marco Ram\u00edrez. Tambi\u00e9n estuvo presente la Directora Comunal de Seguridad P\u00fablica, Francis Varas, quien llam\u00f3 \u201ca que la comunidad participe activamente de este proyecto psicosocial tan importante para los habitantes del sector y aprovechar de agradecer tambi\u00e9n a la alcaldesa por sus gestiones en esta iniciativa\u201d.<\/p>\n<p><br \/>\n<iframe loading=\"lazy\" src=\"https:\/\/www.facebook.com\/plugins\/video.php?href=https%3A%2F%2Fwww.facebook.com%2Fmunicipalidadmolina%2Fvideos%2F918355795011503%2F&#038;show_text=0&#038;width=560\" width=\"560\" height=\"315\" style=\"border:none;overflow:hidden\" scrolling=\"no\" frameborder=\"0\" allowTransparency=\"true\" allowFullScreen=\"true\"><\/iframe><\/p>\n<p>&nbsp;<\/p>\n","protected":false},"excerpt":{"rendered":"<p>Con mucho entusiasmo se realiz\u00f3 la ceremonia oficial de inicio del proyecto de Seguridad P\u00fablica que se adjudic\u00f3 la Junta de Vecinos N\u00ba1 Tr\u00e1nsito de la Cruz de Molina. Se trata de una iniciativa que comenz\u00f3 a funcionar en el sector durante enero y que se extender\u00e1 por 10 meses m\u00e1s, teniendo a su disposici\u00f3n [&hellip;]<\/p>\n","protected":false},"author":2,"featured_media":23887,"comment_status":"open","ping_status":"open","sticky":false,"template":"","format":"standard","meta":{"footnotes":""},"categories":[4,2379,47],"tags":[2550,52,2552,940,2553],"_links":{"self":[{"href":"https:\/\/web.molina.cl\/index.php?rest_route=\/wp\/v2\/posts\/23879"}],"collection":[{"href":"https:\/\/web.molina.cl\/index.php?rest_route=\/wp\/v2\/posts"}],"about":[{"href":"https:\/\/web.molina.cl\/index.php?rest_route=\/wp\/v2\/types\/post"}],"author":[{"embeddable":true,"href":"https:\/\/web.molina.cl\/index.php?rest_route=\/wp\/v2\/users\/2"}],"replies":[{"embeddable":true,"href":"https:\/\/web.molina.cl\/index.php?rest_route=%2Fwp%2Fv2%2Fcomments&post=23879"}],"version-history":[{"count":0,"href":"https:\/\/web.molina.cl\/index.php?rest_route=\/wp\/v2\/posts\/23879\/revisions"}],"wp:featuredmedia":[{"embeddable":true,"href":"https:\/\/web.molina.cl\/index.php?rest_route=\/"}],"wp:attachment":[{"href":"https:\/\/web.molina.cl\/index.php?rest_route=%2Fwp%2Fv2%2Fmedia&parent=23879"}],"wp:term":[{"taxonomy":"category","embeddable":true,"href":"https:\/\/web.molina.cl\/index.php?rest_route=%2Fwp%2Fv2%2Fcategories&post=23879"},{"taxonomy":"post_tag","embeddable":true,"href":"https:\/\/web.molina.cl\/index.php?rest_route=%2Fwp%2Fv2%2Ftags&post=23879"}],"curies":[{"name":"wp","href":"https:\/\/api.w.org\/{rel}","templated":true}]}}