{"id":22984,"date":"2018-01-02T11:33:29","date_gmt":"2018-01-02T14:33:29","guid":{"rendered":"http:\/\/web.molina.cl\/?p=22984"},"modified":"2020-11-20T12:37:08","modified_gmt":"2020-11-20T16:37:08","slug":"apoyo-a-la-reinsercion-nuevo-espacio-evangelico-en-penitenciaria-de-molina","status":"publish","type":"post","link":"https:\/\/web.molina.cl\/?p=22984","title":{"rendered":"Apoyo a la reinserci\u00f3n: nuevo espacio evang\u00e9lico en Penitenciar\u00eda de Molina"},"content":{"rendered":"<p style=\"text-align: justify;\">Con el objetivo de entregar una segunda oportunidad a las personas privadas de libertad que desean enmendar el rumbo y tener una vida guiada por la mano de Dios, se inaugur\u00f3 un espacio evang\u00e9lico en el Centro de Cumplimiento Penitenciario (CCP) de Molina.<\/p>\n<p style=\"text-align: justify;\">La iniciativa obedece al programa \u201cAmando al Preso, Amar\u00e1s a Cristo\u201d, conocido tambi\u00e9n por sus siglas APAC, estando presente en 122 pa\u00edses del mundo, siendo Chile uno de ellos.<\/p>\n<p style=\"text-align: justify;\">Lo que entrega esta medida corresponde a espacios especiales para los internos que profesan la fe cristiana evang\u00e9lica, disponiendo de un habit\u00e1culo especial para realizar los cultos.<\/p>\n<p style=\"text-align: justify;\">Para la inauguraci\u00f3n, lleg\u00f3 desde Santiago una comitiva encabezada por el Capell\u00e1n Nacional Evang\u00e9lico del Servicio de Prisiones de Gendarmer\u00eda de Chile, Luis Musiet Gajardo. Junto con entregar la bendici\u00f3n al recinto, el obispo coment\u00f3 tambi\u00e9n los grandes beneficios que trae este trabajo integral entre la iglesia y los servicios profesionales de Gendarmer\u00eda de Chile.<\/p>\n<p style=\"text-align: justify;\">\u201cEl APAC aqu\u00ed en Molina es una gran bendici\u00f3n, considerando que esta c\u00e1rcel sufri\u00f3 demasiado tras el terremoto del 27 de febrero. Por ello, agradecemos a todas las personas que apoyaron este trabajo, porque si logramos que un interno sea reinsertado social, laboral, psicosocial y familiarmente; para la sociedad es una enorme victoria\u201d, asever\u00f3 el religioso.<\/p>\n<p style=\"text-align: justify;\">Adem\u00e1s, destac\u00f3 el panorama con el que se encontr\u00f3 al momento de visitar el recinto, con presos produciendo, realizando trabajos y con otra visi\u00f3n de vida. Algo en lo que coincidi\u00f3 Paulina Lueiza, alcaide del CCP.<\/p>\n<p style=\"text-align: justify;\">La autoridad penitenciaria indic\u00f3 que \u201cla idea es seguir laborando en esta misma instancia en pro de la reinserci\u00f3n social, realizando actividades para toda la poblaci\u00f3n penal. Adem\u00e1s, dejamos claro que estar preso no significa perder la calidad de vida. Quiero agradecer tambi\u00e9n el aporte de la Municipalidad de Molina en las diversas actividades que hemos llevado a cabo durante el a\u00f1o\u201d.<\/p>\n<p style=\"text-align: justify;\">Tras el corte de cinta, qued\u00f3 operativo el espacio en donde los reclusos podr\u00e1n tomar parte del culto evang\u00e9lico y enmendar el rumbo de sus vidas.<\/p>\n\n","protected":false},"excerpt":{"rendered":"<p>Con el objetivo de entregar una segunda oportunidad a las personas privadas de libertad que desean enmendar el rumbo y tener una vida guiada por la mano de Dios, se inaugur\u00f3 un espacio evang\u00e9lico en el Centro de Cumplimiento Penitenciario (CCP) de Molina. La iniciativa obedece al programa \u201cAmando al Preso, Amar\u00e1s a Cristo\u201d, conocido [&hellip;]<\/p>\n","protected":false},"author":1,"featured_media":22987,"comment_status":"open","ping_status":"open","sticky":false,"template":"","format":"standard","meta":{"footnotes":""},"categories":[68,3,4,40,2379,37],"tags":[2491,2492,2493,2205],"_links":{"self":[{"href":"https:\/\/web.molina.cl\/index.php?rest_route=\/wp\/v2\/posts\/22984"}],"collection":[{"href":"https:\/\/web.molina.cl\/index.php?rest_route=\/wp\/v2\/posts"}],"about":[{"href":"https:\/\/web.molina.cl\/index.php?rest_route=\/wp\/v2\/types\/post"}],"author":[{"embeddable":true,"href":"https:\/\/web.molina.cl\/index.php?rest_route=\/wp\/v2\/users\/1"}],"replies":[{"embeddable":true,"href":"https:\/\/web.molina.cl\/index.php?rest_route=%2Fwp%2Fv2%2Fcomments&post=22984"}],"version-history":[{"count":1,"href":"https:\/\/web.molina.cl\/index.php?rest_route=\/wp\/v2\/posts\/22984\/revisions"}],"predecessor-version":[{"id":42255,"href":"https:\/\/web.molina.cl\/index.php?rest_route=\/wp\/v2\/posts\/22984\/revisions\/42255"}],"wp:featuredmedia":[{"embeddable":true,"href":"https:\/\/web.molina.cl\/index.php?rest_route=\/"}],"wp:attachment":[{"href":"https:\/\/web.molina.cl\/index.php?rest_route=%2Fwp%2Fv2%2Fmedia&parent=22984"}],"wp:term":[{"taxonomy":"category","embeddable":true,"href":"https:\/\/web.molina.cl\/index.php?rest_route=%2Fwp%2Fv2%2Fcategories&post=22984"},{"taxonomy":"post_tag","embeddable":true,"href":"https:\/\/web.molina.cl\/index.php?rest_route=%2Fwp%2Fv2%2Ftags&post=22984"}],"curies":[{"name":"wp","href":"https:\/\/api.w.org\/{rel}","templated":true}]}}