{"id":21780,"date":"2017-11-14T11:33:58","date_gmt":"2017-11-14T14:33:58","guid":{"rendered":"http:\/\/web.molina.cl\/?p=21780"},"modified":"2020-11-20T12:44:02","modified_gmt":"2020-11-20T16:44:02","slug":"san-jorge-de-romeral-se-lleno-de-musica-con-su-gran-festival","status":"publish","type":"post","link":"https:\/\/web.molina.cl\/?p=21780","title":{"rendered":"San Jorge de Romeral se llen\u00f3 de m\u00fasica con su gran festival"},"content":{"rendered":"<p>M\u00e1s de 2 mil personas disfrutaron de la 39\u00b0 versi\u00f3n del tradicional Festival de la Voz de San Jorge de Romeral, en un evento que se realiz\u00f3 en dos d\u00edas y que alberg\u00f3 a las &nbsp;mejores cantantes escolares y adultos de la comuna<\/p>\n<p><!--more--><\/p>\n<p>Como&nbsp; es tradicional, el evento musical que se desarrolla desde 1979, reuni\u00f3 a la comunidad rural en torno a las canciones, contando adem\u00e1s con la presentaci\u00f3n del grupo \u201cBanda Salvaje\u201d, la \u201ccharra\u201d Mariela Riquelme y las presentaciones art\u00edsticas de los estudiantes de la escuela San Jorge de Romeral y del jard\u00edn Frambuesita.<\/p>\n<p>&nbsp;<\/p>\n<p>GANADORES<\/p>\n<p>Luego de dos noches de fiesta, se defini\u00f3 a los vencedores en las distintas competencias. En la categor\u00eda preb\u00e1sica, &nbsp;triunf\u00f3 Monserrat Moya con el tema \u201cFue Dif\u00edcil\u201d. En la categor\u00eda primero a 4 b\u00e1sico venci\u00f3 Florencia Saavedra con \u201cSoy mi mejor momento\u201d.<\/p>\n<p>&nbsp;<\/p>\n<p>En la categor\u00eda de quinto a octavo&nbsp; b\u00e1sico triunf\u00f3 Michell Mancilla con la canci\u00f3n \u201cYa te olvide\u201d. En ense\u00f1anza media venci\u00f3 Paulina Matus con \u201cAmor completo\u201d. Mientras que en todo competidor triunf\u00f3 marcela rojas y el cl\u00e1sico tema romantico \u201cEl me minti\u00f3\u201d.<\/p>\n\n<p>&nbsp;<\/p>\n<div class=\"fb-video\" data-href=\"https:\/\/www.facebook.com\/municipalidadmolina\/videos\/865325640314519\/\" data-width=\"1000\" data-show-text=\"true\">\n<blockquote cite=\"https:\/\/www.facebook.com\/municipalidadmolina\/videos\/865325640314519\/\" class=\"fb-xfbml-parse-ignore\"><p><a href=\"https:\/\/www.facebook.com\/municipalidadmolina\/videos\/865325640314519\/\">Festival de la canci\u00f3n San Jorge de Romeral<\/a><\/p>\n<p>[VIDEO]<br \/>\nSan Jorge de Romeral se llen\u00f3 de m\u00fasica con su gran festival<\/p>\n<p>Posted by <a href=\"https:\/\/www.facebook.com\/municipalidadmolina\/\">Municipalidad de Molina<\/a> on mi\u00e9rcoles, 15 de noviembre de 2017<\/p><\/blockquote>\n<\/div>\n","protected":false},"excerpt":{"rendered":"<p>M\u00e1s de 2 mil personas disfrutaron de la 39\u00b0 versi\u00f3n del tradicional Festival de la Voz de San Jorge de Romeral, en un evento que se realiz\u00f3 en dos d\u00edas y que alberg\u00f3 a las &nbsp;mejores cantantes escolares y adultos de la comuna<\/p>\n","protected":false},"author":1,"featured_media":21852,"comment_status":"open","ping_status":"open","sticky":false,"template":"","format":"standard","meta":{"footnotes":""},"categories":[42,2,4,16,25],"tags":[43,2468,2469,2470,353],"_links":{"self":[{"href":"https:\/\/web.molina.cl\/index.php?rest_route=\/wp\/v2\/posts\/21780"}],"collection":[{"href":"https:\/\/web.molina.cl\/index.php?rest_route=\/wp\/v2\/posts"}],"about":[{"href":"https:\/\/web.molina.cl\/index.php?rest_route=\/wp\/v2\/types\/post"}],"author":[{"embeddable":true,"href":"https:\/\/web.molina.cl\/index.php?rest_route=\/wp\/v2\/users\/1"}],"replies":[{"embeddable":true,"href":"https:\/\/web.molina.cl\/index.php?rest_route=%2Fwp%2Fv2%2Fcomments&post=21780"}],"version-history":[{"count":1,"href":"https:\/\/web.molina.cl\/index.php?rest_route=\/wp\/v2\/posts\/21780\/revisions"}],"predecessor-version":[{"id":42272,"href":"https:\/\/web.molina.cl\/index.php?rest_route=\/wp\/v2\/posts\/21780\/revisions\/42272"}],"wp:featuredmedia":[{"embeddable":true,"href":"https:\/\/web.molina.cl\/index.php?rest_route=\/"}],"wp:attachment":[{"href":"https:\/\/web.molina.cl\/index.php?rest_route=%2Fwp%2Fv2%2Fmedia&parent=21780"}],"wp:term":[{"taxonomy":"category","embeddable":true,"href":"https:\/\/web.molina.cl\/index.php?rest_route=%2Fwp%2Fv2%2Fcategories&post=21780"},{"taxonomy":"post_tag","embeddable":true,"href":"https:\/\/web.molina.cl\/index.php?rest_route=%2Fwp%2Fv2%2Ftags&post=21780"}],"curies":[{"name":"wp","href":"https:\/\/api.w.org\/{rel}","templated":true}]}}