{"id":21704,"date":"2017-11-07T10:08:07","date_gmt":"2017-11-07T13:08:07","guid":{"rendered":"http:\/\/web.molina.cl\/?p=21704"},"modified":"2020-11-20T12:48:19","modified_gmt":"2020-11-20T16:48:19","slug":"molina-inauguro-100-puntos-verdes-para-reciclar","status":"publish","type":"post","link":"https:\/\/web.molina.cl\/?p=21704","title":{"rendered":"Molina inaugur\u00f3 100 puntos verdes para reciclar"},"content":{"rendered":"<p style=\"text-align: justify;\">Porque el cuidado del medioambiente es tarea de todos, fueron inaugurados 100 de los denominados \u201cpuntos verdes\u201d en Molina para el reciclaje de botellas pl\u00e1sticas PET 1.<\/p>\n<p style=\"text-align: justify;\"><!--more--><\/p>\n<p style=\"text-align: justify;\">Se trata de una iniciativa mediante la cual el municipio molinense planea ir educando a la poblaci\u00f3n en las pr\u00e1cticas responsables y amigables con el entorno, para poder lograr que los buenos h\u00e1bitos se hagan costumbre.<\/p>\n<p style=\"text-align: justify;\">Es por ello que, en la ceremonia de lanzamiento de esta medida, los principales protagonistas fueron los ni\u00f1os, quienes se mostraron contentos y entusiasmados al ver implementado el contenedor en donde ellos mismos se pusieron manos a la obra para arrojar las botellas que les entreg\u00f3 la alcaldesa, Priscilla Castillo.<\/p>\n<p style=\"text-align: justify;\">La primera autoridad comunal valor\u00f3 la importancia que tiene el cuidado medioambiental en su gesti\u00f3n, recalcando que \u201ccomo municipalidad estamos todos comprometidos con hacer m\u00e1s eficiente a nuestra querida comuna, por lo que esperamos que toda la comunidad pueda aprovechar cada uno de estos puntos verdes repartidos por todo Molina y se den cuenta de la importancia de cada una de estas acciones\u201d.<\/p>\n<p style=\"text-align: justify;\">La jornada cont\u00f3 tambi\u00e9n con una presentaci\u00f3n de los preescolares del Jard\u00edn Infantil \u201cOruguitas\u201d, adem\u00e1s de un n\u00famero de danza a cargo de la Escuela Esperanza y la m\u00fasica de la Orquesta de Cuerdas del Colegio Henri Cetty.<\/p>\n<p style=\"text-align: justify;\">\u201cCon 25 botellas de pl\u00e1stico PET 1 se puede fabricar un chaleco de polar, mientras que con 18 botellas, se puede hacer una camiseta\u201d, indic\u00f3 la Encargada Comunal de Medio Ambiente, Carla Escandor, quien grafica de esa forma lo relevante de esta iniciativa que ya est\u00e1 en marcha en Molina.<\/p>\n<p style=\"text-align: justify;\"><strong>Ubicaci\u00f3n de Puntos Verdes en la Comuna:<\/strong><\/p>\n<p style=\"text-align: justify;\"><em><strong>Zona Sur:<\/strong><\/em><\/p>\n<div><\/div>\n<div>Villa El Trigal (costado Sede Social)<\/div>\n<div>Poblaci\u00f3n Luis Cruz Martinez (costado de cancha)<\/div>\n<div>Villa Verde &nbsp;(colegio adventista)<\/div>\n<div>Villa San Hilario &nbsp;( costado cancha)<\/div>\n<div>Poblaci\u00f3n Maturana &nbsp;( Plazoleta)<\/div>\n<div>Poblaci\u00f3n Girasoles ( Sede Social Junta de Vecinos)<\/div>\n<div>Villa La Concepci\u00f3n &nbsp;(Sede Social)<\/div>\n<div>Poblaci\u00f3n Regi\u00f3n del Maule &nbsp;( Costado Sede Social)<\/div>\n<div><span id=\"m_6664577660605592953m_1508211287529360272OBJ_PREFIX_DWT193_com_zimbra_date\" class=\"m_6664577660605592953m_1508211287529360272Object\">Mar<\/span>\u00eda del Tr\u00e1nsito ( Sitio sede social)<\/div>\n<div><\/div>\n<div><\/div>\n<div><strong><em>Zona Norte:<\/em><\/strong><\/div>\n<div><\/div>\n<div>Villa Consistorial (Compa\u00f1ia de Bomberos)<\/div>\n<div>Villa San Sebastian (costado Sede Social y Frente de Jard\u00edn Infantil)<\/div>\n<div>Villa &nbsp;San Pedro (costado Sede Social)<\/div>\n<div>Villa Altos de San Pedro (<\/div>\n<div><span id=\"m_6664577660605592953m_1508211287529360272OBJ_PREFIX_DWT194_com_zimbra_date\" class=\"m_6664577660605592953m_1508211287529360272Object\">Mar<\/span>\u00eda Auxiliadora (Costado area verde)<\/div>\n<div>Poblaci\u00f3n Luisa Moreira (costado sede social)<\/div>\n<div>Villa Quechereguas (\u00c1rea Verde)<\/div>\n<div>Poblaci\u00f3n La Corvi ( Costado cancha)<\/div>\n<div><\/div>\n<div><\/div>\n<div><strong><em>Zona Rural:<\/em><\/strong><\/div>\n<div><\/div>\n<div>Buena Paz (Colegio y Villa Pur\u00edsima)<\/div>\n<div>Itahue ( Sede social)<\/div>\n<div>Pulmod\u00f3n (sede social)<\/div>\n<div>Cerrillo Bascu\u00f1an ( Colegio y Poblaci\u00f3n)<\/div>\n<div>Puente Alto (costado Posta)<\/div>\n<div>El C\u00f3ndor (costado Sede Social)<\/div>\n<div>Buena Fe (sede social)<\/div>\n<div>Valdesina ( Costado sede)<\/div>\n<div>Palmilla (colegio)<\/div>\n<div>Tres Esquinas (colegio)<\/div>\n<div>San Jorge de Romeral (colegio)<\/div>\n<div>Yacal (colegio)<\/div>\n<div>Alupenhue (costado sede social)<\/div>\n<div><\/div>\n<div><strong><em>Zona Oriente:<\/em><\/strong><\/div>\n<div><\/div>\n<div>Municipalidad<\/div>\n<div>San Enrique (costado sede social)<\/div>\n<div>Villa Doctor Hurtado (costado sede social)<\/div>\n<div>La Florida ( por determinar)<\/div>\n<div>Diego Portales ( Costado Sede Social)<\/div>\n<div>Alto Bicentenario ( Costado Sede Social)<\/div>\n<div>Bicentenario ( Costado Sede Social)<\/div>\n<div>Marsellesa ( Costado Sede Social)<\/div>\n<div>Piedra Azul ( costado de las 3 sedes sociales)<\/div>\n<div>Nueva Oriente ( Costado Sede Social)<\/div>\n<div><span id=\"m_6664577660605592953m_1508211287529360272OBJ_PREFIX_DWT195_com_zimbra_date\" class=\"m_6664577660605592953m_1508211287529360272Object\">23 de febrero<\/span>&nbsp;( \u00e1rea verde)<\/div>\n<div><\/div>\n<div><strong><em>Zona Lontu\u00e9, Pichingal:<\/em><\/strong><\/div>\n<div><\/div>\n<div>Lontu\u00e9 Centro<\/div>\n<div>Villa Estadio<\/div>\n<div>Valles de Casa Blanca ( Costado Sede Social y \u00e1rea Verde)<\/div>\n<div>Villa Ilusi\u00f3n<\/div>\n<div>Casa Blanca Antiguo ( lugar por confirmar)<\/div>\n<div>Oscar Bonilla ( Costado Sede Social)<\/div>\n<div>Entre R\u00edos (plazoleta)<\/div>\n<div><span id=\"m_6664577660605592953m_1508211287529360272OBJ_PREFIX_DWT196_com_zimbra_date\" class=\"m_6664577660605592953m_1508211287529360272Object\">Vi<\/span>\u00f1a Lontu\u00e9<\/div>\n<div>Villa Santa Amalia &nbsp;( Costado Sede Social e ingreso Villa )<\/div>\n<div>Villa Manuel Larra\u00edn &#8211; Villa Futuro (\u00e1rea verde)<\/div>\n<div>Bernardo O\u00b4higgins (Ingreso)<\/div>\n<div>Poblaci\u00f3n Francisco Javier Correa<\/div>\n<div>Villa Don Leonardo ( Costado Sede Social e ingreso norte de villa)<\/div>\n<div>Poblaci\u00f3n Los Laureles (\u00e1rea Verde)<\/div>\n<div>Poblaci\u00f3n Estrella Az\u00fal (\u00e1rea verde)<\/div>\n<div>Villa Primavera (Sede social y \u00e1rea verde)<\/div>\n<div>Villa Los Copihues<\/div>\n<div>Villa Las Encinas<\/div>\n<div>San Carlos<\/div>\n<div>El Molino<\/div>\n<div>San Sebastian<\/div>\n<div>Santa Lucia<\/div>\n<div>Pichingal<\/div>\n<div><\/div>\n<div><\/div>\n\n<div class=\"fb-video\" data-href=\"https:\/\/www.facebook.com\/municipalidadmolina\/videos\/864858900361193\/\" data-width=\"1000\" data-show-text=\"true\">\n<blockquote class=\"fb-xfbml-parse-ignore\" cite=\"https:\/\/www.facebook.com\/municipalidadmolina\/videos\/864858900361193\/\"><p><a href=\"https:\/\/www.facebook.com\/municipalidadmolina\/videos\/864858900361193\/\">Puntos Verdes<\/a>[VIDEO]<br \/>\nMolina inaugur\u00f3 100 puntos verdes para reciclar.<\/p>\n<p>Posted by <a href=\"https:\/\/www.facebook.com\/municipalidadmolina\/\">Municipalidad de Molina<\/a> on martes, 14 de noviembre de 2017<\/p><\/blockquote>\n<\/div>\n","protected":false},"excerpt":{"rendered":"<p>Porque el cuidado del medioambiente es tarea de todos, fueron inaugurados 100 de los denominados \u201cpuntos verdes\u201d en Molina para el reciclaje de botellas pl\u00e1sticas PET 1.<\/p>\n","protected":false},"author":1,"featured_media":21720,"comment_status":"open","ping_status":"open","sticky":false,"template":"","format":"standard","meta":{"footnotes":""},"categories":[3,4,45,25],"tags":[809,2462,2457,2463,50,2464],"_links":{"self":[{"href":"https:\/\/web.molina.cl\/index.php?rest_route=\/wp\/v2\/posts\/21704"}],"collection":[{"href":"https:\/\/web.molina.cl\/index.php?rest_route=\/wp\/v2\/posts"}],"about":[{"href":"https:\/\/web.molina.cl\/index.php?rest_route=\/wp\/v2\/types\/post"}],"author":[{"embeddable":true,"href":"https:\/\/web.molina.cl\/index.php?rest_route=\/wp\/v2\/users\/1"}],"replies":[{"embeddable":true,"href":"https:\/\/web.molina.cl\/index.php?rest_route=%2Fwp%2Fv2%2Fcomments&post=21704"}],"version-history":[{"count":1,"href":"https:\/\/web.molina.cl\/index.php?rest_route=\/wp\/v2\/posts\/21704\/revisions"}],"predecessor-version":[{"id":42274,"href":"https:\/\/web.molina.cl\/index.php?rest_route=\/wp\/v2\/posts\/21704\/revisions\/42274"}],"wp:featuredmedia":[{"embeddable":true,"href":"https:\/\/web.molina.cl\/index.php?rest_route=\/"}],"wp:attachment":[{"href":"https:\/\/web.molina.cl\/index.php?rest_route=%2Fwp%2Fv2%2Fmedia&parent=21704"}],"wp:term":[{"taxonomy":"category","embeddable":true,"href":"https:\/\/web.molina.cl\/index.php?rest_route=%2Fwp%2Fv2%2Fcategories&post=21704"},{"taxonomy":"post_tag","embeddable":true,"href":"https:\/\/web.molina.cl\/index.php?rest_route=%2Fwp%2Fv2%2Ftags&post=21704"}],"curies":[{"name":"wp","href":"https:\/\/api.w.org\/{rel}","templated":true}]}}