{"id":20785,"date":"2017-10-02T09:05:00","date_gmt":"2017-10-02T12:05:00","guid":{"rendered":"http:\/\/web.molina.cl\/?p=20785"},"modified":"2020-11-20T12:57:56","modified_gmt":"2020-11-20T16:57:56","slug":"molina-celebro-el-dia-mundial-del-turismo-en-parque-radal-7-tazas","status":"publish","type":"post","link":"https:\/\/web.molina.cl\/?p=20785","title":{"rendered":"Molina Celebr\u00f3 el d\u00eda Mundial del Turismo en Parque Radal 7 Tazas"},"content":{"rendered":"<p>El Parque Nacional Radal 7 Tazas &nbsp;fue el lugar escogido por la municipalidad de Molina para celebrar el D\u00eda Mundial del Turismo. All\u00ed la &nbsp;escuela de este bello lugar de la Regi\u00f3n del Maule, &nbsp;fue la anfitriona en este d\u00eda que recuerda la importancia de esta industria y que es uno de los pilares de la administraci\u00f3n de la alcaldesa Priscilla Castillo.<\/p>\n<p>&nbsp;<\/p>\n<p><span style=\"font-weight: 400;\">El evento cont\u00f3 con la participaci\u00f3n de autoridades regionales y locales, adem\u00e1s de la comunidad del sector, quienes disfrutaron de un show art\u00edstico y de la \u201cParada Militar 2017\u201d realizada por los estudiantes de la escuela, quienes caracterizaron a &nbsp;las ramas castrenses con simpat\u00eda y respeto.<\/span><\/p>\n<p>&nbsp;<\/p>\n<p><span style=\"font-weight: 400;\">Tambi\u00e9n hubo premiaci\u00f3n a cuatro emprendedores que han destacado en el turismo en el parque nacional &nbsp;y por la difusi\u00f3n de nuestra comuna a nivel mundial. Ellos fueron Nancy Sep\u00falveda, en reconocimiento a &nbsp;su emprendimiento gastron\u00f3mico; Margarita Mancilla, en reconocimiento a &nbsp;su emprendimiento tur\u00edstico en el Radal; Laura Ramos en reconocimiento a &nbsp;su emprendimiento en artesan\u00eda y a Mauricio Hern\u00e1ndez, en reconocimiento a &nbsp;su emprendimiento en transporte &nbsp;por m\u00e1s de 30 a\u00f1os para la zona de El Radal .<\/span><\/p>\n<p>&nbsp;<\/p>\n<p><span style=\"font-weight: 400;\">\u201cEstamos muy contentos de celebrar el D\u00eda Mundial del Turismo, los chicos de la escuela hicieron una presentaci\u00f3n genial &nbsp;y distinguimos a 4 microempresarios, estamos orgullosos del potencial tur\u00edstico de nuestra zona y es importante avanzar en el turismo sustentable, tanto en el \u00e1mbito &nbsp;p\u00fablico y privado, debemos generar ese desarrollo conviviendo con la naturaleza y la gente que vive ac\u00e1 en el Radal\u201d dijo la alcaldesa Priscilla Castillo.<\/span><\/p>\n<p>&nbsp;<\/p>\n<p><span style=\"font-weight: 400;\">KIOSCO ECO NI\u00d1OS <\/span><\/p>\n<p><span style=\"font-weight: 400;\">Este d\u00eda fue escogido tambi\u00e9n para inaugurar el kiosco \u201ceco ni\u00f1os\u201d, que estar\u00e1 a cargo la escuela de El Radal y que quiere convertir esta iniciativa &nbsp;en un punto de informaci\u00f3n y de venta de productos a los turistas.<\/span><\/p>\n<p>&nbsp;<\/p>\n<p>&nbsp;<\/p>\n<p><span style=\"font-weight: 400;\">ORGULLO NACIONAL<\/span><\/p>\n<p>&nbsp;<\/p>\n<p><span style=\"font-weight: 400;\">El Parque Nacional 7 tazas es un \u00edcono nacional y el n\u00famero de visitantes ha crecido de manera exponencial en los \u00faltimos a\u00f1os, pasando de 35 mil a 65 mil en tres a\u00f1os. <\/span><\/p>\n<p>&nbsp;<\/p>\n<p><span style=\"font-weight: 400;\">Fomentar el turismo en nuestra zona es uno de los ejes centrales de la segunda administraci\u00f3n de la alcaldesa Castillo. Obras como la Casa del Turista y la propia Corporaci\u00f3n de Turismo responden a este objetivo primordial, &nbsp;que tiene la misi\u00f3n de convertir &nbsp;a Molina en la comuna tur\u00edstica &nbsp;de la regi\u00f3n central del pa\u00eds.<\/span><\/p>\n\n<p>&nbsp;<\/p>\n<p>&nbsp;<\/p>\n<div class=\"fb-video\" data-href=\"https:\/\/www.facebook.com\/municipalidadmolina\/videos\/845736895606727\/\" data-width=\"1000\" data-show-text=\"true\">\n<blockquote class=\"fb-xfbml-parse-ignore\" cite=\"https:\/\/www.facebook.com\/municipalidadmolina\/videos\/845736895606727\/\"><p>Este 27 de septiembre se celebr\u00f3 el D\u00eda Mundial de Turismo. \u00a1El Parque Nacional Radal 7 Tazas fue el lugar escogido para conmemorar este importante fecha para el mundo y nuestra comuna!<\/p>\n<p>Posted by <a href=\"https:\/\/www.facebook.com\/municipalidadmolina\/\">Municipalidad de Molina<\/a> on lunes, 2 de octubre de 2017<\/p><\/blockquote>\n<\/div>\n","protected":false},"excerpt":{"rendered":"<p>El Parque Nacional Radal 7 Tazas &nbsp;fue el lugar escogido por la municipalidad de Molina para celebrar el D\u00eda Mundial del Turismo. All\u00ed la &nbsp;escuela de este bello lugar de la Regi\u00f3n del Maule, &nbsp;fue la anfitriona en este d\u00eda que recuerda la importancia de esta industria y que es uno de los pilares de [&hellip;]<\/p>\n","protected":false},"author":1,"featured_media":20816,"comment_status":"open","ping_status":"open","sticky":false,"template":"","format":"standard","meta":{"footnotes":""},"categories":[2,4,5,8,25],"tags":[1981,2445,229,2446],"_links":{"self":[{"href":"https:\/\/web.molina.cl\/index.php?rest_route=\/wp\/v2\/posts\/20785"}],"collection":[{"href":"https:\/\/web.molina.cl\/index.php?rest_route=\/wp\/v2\/posts"}],"about":[{"href":"https:\/\/web.molina.cl\/index.php?rest_route=\/wp\/v2\/types\/post"}],"author":[{"embeddable":true,"href":"https:\/\/web.molina.cl\/index.php?rest_route=\/wp\/v2\/users\/1"}],"replies":[{"embeddable":true,"href":"https:\/\/web.molina.cl\/index.php?rest_route=%2Fwp%2Fv2%2Fcomments&post=20785"}],"version-history":[{"count":1,"href":"https:\/\/web.molina.cl\/index.php?rest_route=\/wp\/v2\/posts\/20785\/revisions"}],"predecessor-version":[{"id":42290,"href":"https:\/\/web.molina.cl\/index.php?rest_route=\/wp\/v2\/posts\/20785\/revisions\/42290"}],"wp:featuredmedia":[{"embeddable":true,"href":"https:\/\/web.molina.cl\/index.php?rest_route=\/"}],"wp:attachment":[{"href":"https:\/\/web.molina.cl\/index.php?rest_route=%2Fwp%2Fv2%2Fmedia&parent=20785"}],"wp:term":[{"taxonomy":"category","embeddable":true,"href":"https:\/\/web.molina.cl\/index.php?rest_route=%2Fwp%2Fv2%2Fcategories&post=20785"},{"taxonomy":"post_tag","embeddable":true,"href":"https:\/\/web.molina.cl\/index.php?rest_route=%2Fwp%2Fv2%2Ftags&post=20785"}],"curies":[{"name":"wp","href":"https:\/\/api.w.org\/{rel}","templated":true}]}}