{"id":20135,"date":"2017-09-08T09:54:13","date_gmt":"2017-09-08T12:54:13","guid":{"rendered":"http:\/\/web.molina.cl\/?p=20135"},"modified":"2020-11-20T12:58:07","modified_gmt":"2020-11-20T16:58:07","slug":"vueeelta-molina-da-la-bienvenida-a-septiembre-con-esquinazo-de-fiestas-patrias","status":"publish","type":"post","link":"https:\/\/web.molina.cl\/?p=20135","title":{"rendered":"\u00a1\u00a1Vueeelta!!: Molina da la bienvenida a Septiembre con esquinazo de Fiestas Patrias"},"content":{"rendered":"<p>Con el pie derecho comenzaron los festejos por el mes de la patria en nuestra comuna, ya que fueron m\u00e1s de 12 las organizaciones que se dieron cita en la Plaza de Armas para bailar el primer pie de cueca de septiembre.<\/p>\n<p>&nbsp;<\/p>\n<p>Las instituciones que enviaron parejas representantes para el evento, estuvo Carabineros, Bomberos, Defensa Civil, PDI, Danzas por Chile (agrupaci\u00f3n que ven\u00eda encomendada por la C\u00e1mara de Comercio y el Barrio Quechereguas), la Escuela Diferencial Esperanza, Casa del Adulto Mayor, Jardines VTF, Gendarmer\u00eda, Cruz Roja, Hospital Santa Rosa, funcionarios de la Direcci\u00f3n de Administraci\u00f3n de Educaci\u00f3n Municipal (DAEM) y de la propia municipalidad.<\/p>\n<p>&nbsp;<\/p>\n<p>Ante la mirada de alrededor de 100 personas que se acercaron a mirar el show, la alcaldesa de Molina, Priscilla Castillo, tambi\u00e9n se sum\u00f3 a las celebraciones y a la demostraci\u00f3n de nuestro baile tradicional.<\/p>\n<p>&nbsp;<\/p>\n<p>La jefa comunal destac\u00f3 la alta convocatoria del encuentro, diciendo que \u201cme llena de orgullo poder ver c\u00f3mo en nuestra tierra se siguen fomentando las tradiciones chilenas. Somos una comuna llena de maravillas tanto naturales como culturales, as\u00ed que espero que tanto nuestros vecinos como los turistas puedan disfrutar del intenso panorama que hemos preparado de manera conjunta con las organizaciones que operan en Molina\u201d.<\/p>\n<p>&nbsp;<\/p>\n<p>Entre dichas actividades, destacan los desfiles en las localidades de Itahue el martes 12, en Tres Esquinas el mi\u00e9rcoles 13, en Pichingal y Casa Blanca el jueves 14, en Lontu\u00e9 el viernes 15 y en Molina el s\u00e1bado 16.<\/p>\n<p>&nbsp;<\/p>\n<p>&nbsp;<\/p>\n\n","protected":false},"excerpt":{"rendered":"<p>Con el pie derecho comenzaron los festejos por el mes de la patria en nuestra comuna, ya que fueron m\u00e1s de 12 las organizaciones que se dieron cita en la Plaza de Armas para bailar el primer pie de cueca de septiembre. &nbsp; Las instituciones que enviaron parejas representantes para el evento, estuvo Carabineros, Bomberos, [&hellip;]<\/p>\n","protected":false},"author":1,"featured_media":20208,"comment_status":"open","ping_status":"open","sticky":false,"template":"","format":"standard","meta":{"footnotes":""},"categories":[80,2,4,16,40,21,64],"tags":[],"_links":{"self":[{"href":"https:\/\/web.molina.cl\/index.php?rest_route=\/wp\/v2\/posts\/20135"}],"collection":[{"href":"https:\/\/web.molina.cl\/index.php?rest_route=\/wp\/v2\/posts"}],"about":[{"href":"https:\/\/web.molina.cl\/index.php?rest_route=\/wp\/v2\/types\/post"}],"author":[{"embeddable":true,"href":"https:\/\/web.molina.cl\/index.php?rest_route=\/wp\/v2\/users\/1"}],"replies":[{"embeddable":true,"href":"https:\/\/web.molina.cl\/index.php?rest_route=%2Fwp%2Fv2%2Fcomments&post=20135"}],"version-history":[{"count":1,"href":"https:\/\/web.molina.cl\/index.php?rest_route=\/wp\/v2\/posts\/20135\/revisions"}],"predecessor-version":[{"id":42295,"href":"https:\/\/web.molina.cl\/index.php?rest_route=\/wp\/v2\/posts\/20135\/revisions\/42295"}],"wp:featuredmedia":[{"embeddable":true,"href":"https:\/\/web.molina.cl\/index.php?rest_route=\/"}],"wp:attachment":[{"href":"https:\/\/web.molina.cl\/index.php?rest_route=%2Fwp%2Fv2%2Fmedia&parent=20135"}],"wp:term":[{"taxonomy":"category","embeddable":true,"href":"https:\/\/web.molina.cl\/index.php?rest_route=%2Fwp%2Fv2%2Fcategories&post=20135"},{"taxonomy":"post_tag","embeddable":true,"href":"https:\/\/web.molina.cl\/index.php?rest_route=%2Fwp%2Fv2%2Ftags&post=20135"}],"curies":[{"name":"wp","href":"https:\/\/api.w.org\/{rel}","templated":true}]}}