{"id":19953,"date":"2017-08-23T11:17:28","date_gmt":"2017-08-23T14:17:28","guid":{"rendered":"http:\/\/web.molina.cl\/?p=19953"},"modified":"2020-11-24T08:40:25","modified_gmt":"2020-11-24T12:40:25","slug":"atletas-molinenses-destacan-en-el-regional-en-talca","status":"publish","type":"post","link":"https:\/\/web.molina.cl\/?p=19953","title":{"rendered":"Atletas molinenses destacan en el Regional en Talca"},"content":{"rendered":"<p>Una destacada participaci\u00f3n de los atletas convencionales y adaptados en el Campeonato Regional de Atletismo realizado este martes &nbsp;22 de agosto, bajo la lluvia que se dej\u00f3 sentir en el Estadio Fiscal de Talca.<\/p>\n<p>&nbsp;<\/p>\n<p><span style=\"font-weight: 400;\">La delegaci\u00f3n molinense integrada por 6 deportistas, 4 convencionales y 2 adaptados (ni\u00f1os con capacidades diferentes), ocuparon un 1er. Lugar Regional y Medalla de Oro, en Salto Alto a trav\u00e9s del alumno de Itahue Manuel Mondaca Contreras, con un brinco de 1. 45 cms., clasificando a los Juegos Nacionales en forma directa. <\/span><\/p>\n<p>&nbsp;<\/p>\n<p><span style=\"font-weight: 400;\">Tambi\u00e9n hubo dos terceros lugares y Medallas de Bronces en el Lanzamiento del Disco: &nbsp;Lissette C\u00e1ceres Mart\u00ednez de la Escuela Itahue, y en Lanzamiento de la Bala en Adaptado por el atleta Cristian Aravena Widdles de la Escuela Diferencial Esperanza de Molina. <\/span><\/p>\n<p>&nbsp;<\/p>\n<p><span style=\"font-weight: 400;\">Adem\u00e1s de estos excelentes resultado obtenido ante m\u00e1s de 200 atletas de las cuatro provincia, el profesor Jorge Olmedo fue designado como entrenador antes el nacional y como delegado de la regi\u00f3n el profesor Juli\u00e1n Canto, determinaci\u00f3n tomada luego de la reuni\u00f3n evaluativa del certamen, realizada una vez finalizada el evento en la sala de conferencias del Estadio Fiscal de Talca. <\/span><\/p>\n<p>&nbsp;<\/p>\n<p><b>B\u00e1squetbol Provincial Sub-12 varones obtiene Medalla en Curic\u00f3.<\/b><\/p>\n<p><span style=\"font-weight: 400;\">Los integrantes del B\u00e1squetbol Sub-12 Varones de la Escuela Reino de Dinamarca de Molina, representante de la comuna en el provincial de baloncesto realizado este martes 22 de agosto en el Gimnasio Mundialista Abraham Milad de Curic\u00f3, obtuvieron medalla, culminando con nota sobresaliente su participaci\u00f3n, logro que se consigui\u00f3 con disciplina y perseverancia ante otros quintetos de escuelas particulares de la provincia. Saludamos cari\u00f1osamente a estos ni\u00f1os que enfrentaron sus compromisos de igual a igual ante sus similares de la provincia. \u00a1\u00a1\u00a1Felicitaciones!!! &nbsp;<\/span><\/p>\n<p>&nbsp;<\/p>\n\n<p>&nbsp;<\/p>\n","protected":false},"excerpt":{"rendered":"<p>Una destacada participaci\u00f3n de los atletas convencionales y adaptados en el Campeonato Regional de Atletismo realizado este martes &nbsp;22 de agosto, bajo la lluvia que se dej\u00f3 sentir en el Estadio Fiscal de Talca. &nbsp; La delegaci\u00f3n molinense integrada por 6 deportistas, 4 convencionales y 2 adaptados (ni\u00f1os con capacidades diferentes), ocuparon un 1er. Lugar [&hellip;]<\/p>\n","protected":false},"author":1,"featured_media":19958,"comment_status":"open","ping_status":"open","sticky":false,"template":"","format":"standard","meta":{"footnotes":""},"categories":[35,4],"tags":[1623,72,2424,1434],"_links":{"self":[{"href":"https:\/\/web.molina.cl\/index.php?rest_route=\/wp\/v2\/posts\/19953"}],"collection":[{"href":"https:\/\/web.molina.cl\/index.php?rest_route=\/wp\/v2\/posts"}],"about":[{"href":"https:\/\/web.molina.cl\/index.php?rest_route=\/wp\/v2\/types\/post"}],"author":[{"embeddable":true,"href":"https:\/\/web.molina.cl\/index.php?rest_route=\/wp\/v2\/users\/1"}],"replies":[{"embeddable":true,"href":"https:\/\/web.molina.cl\/index.php?rest_route=%2Fwp%2Fv2%2Fcomments&post=19953"}],"version-history":[{"count":1,"href":"https:\/\/web.molina.cl\/index.php?rest_route=\/wp\/v2\/posts\/19953\/revisions"}],"predecessor-version":[{"id":42330,"href":"https:\/\/web.molina.cl\/index.php?rest_route=\/wp\/v2\/posts\/19953\/revisions\/42330"}],"wp:featuredmedia":[{"embeddable":true,"href":"https:\/\/web.molina.cl\/index.php?rest_route=\/"}],"wp:attachment":[{"href":"https:\/\/web.molina.cl\/index.php?rest_route=%2Fwp%2Fv2%2Fmedia&parent=19953"}],"wp:term":[{"taxonomy":"category","embeddable":true,"href":"https:\/\/web.molina.cl\/index.php?rest_route=%2Fwp%2Fv2%2Fcategories&post=19953"},{"taxonomy":"post_tag","embeddable":true,"href":"https:\/\/web.molina.cl\/index.php?rest_route=%2Fwp%2Fv2%2Ftags&post=19953"}],"curies":[{"name":"wp","href":"https:\/\/api.w.org\/{rel}","templated":true}]}}