{"id":19933,"date":"2017-08-24T17:51:04","date_gmt":"2017-08-24T20:51:04","guid":{"rendered":"http:\/\/web.molina.cl\/?p=19933"},"modified":"2020-11-24T08:40:22","modified_gmt":"2020-11-24T12:40:22","slug":"mas-de-90-familias-de-molina-se-ganaron-subsidio-para-mejorar-sus-viviendas","status":"publish","type":"post","link":"https:\/\/web.molina.cl\/?p=19933","title":{"rendered":"M\u00e1s de 90 familias de Molina se ganaron subsidio para mejorar sus viviendas"},"content":{"rendered":"<p>Una positiva sorpresa recibieron las familias de Molina, quienes llegaron hasta el teatro municipal de la comuna para una reuni\u00f3n en donde se les inform\u00f3 que obtuvieron un subsidio para mejorar sus viviendas.<\/p>\n<p>&nbsp;<\/p>\n<p><span style=\"font-weight: 400;\">Se trata del Programa de Protecci\u00f3n del Patrimonio Familiar, el cual permite que desde el Servicio de Vivienda y Urbanismo (Serviu), se otorguen recursos entre 50 a 90 Unidades de Fomento.<\/span><\/p>\n<p>&nbsp;<\/p>\n<p><span style=\"font-weight: 400;\">La delegada provincial de la entidad, Luzmira Albornoz, entreg\u00f3 los detalles del procedimiento a los beneficiados y coment\u00f3 que estos buenos resultados se deben al trabajo en equipo con el municipio molinense, destacando la importancia de esta ayuda gubernamental.<\/span><\/p>\n<p>&nbsp;<\/p>\n<p><span style=\"font-weight: 400;\">\u201cAprovechamos de informar a las personas seleccionadas sobre sus deberes y derechos en este proceso, pues la idea es que puedan llevar a cabo de buena manera estas mejoras no s\u00f3lo en sus viviendas, sino que en su calidad de vida. Estamos bastante contentos, porque como Serviu hemos entregado bastantes recursos en materia de proyectos. Durante 2016 otorgamos m\u00e1s de 4.700 beneficios, siendo casi 900 en la comuna de Molina; mientras que en 2017 ahora estamos dando otros 91 subsidios\u201d, coment\u00f3 la profesional.<\/span><\/p>\n<p>&nbsp;<\/p>\n<p><span style=\"font-weight: 400;\">Los certificados de este subsidio estar\u00e1n entregados a sus beneficiarios antes del 18 de septiembre, momento a partir del cual las familias podr\u00e1n comenzar a efectuar los trabajos para mejorar, ampliar y acondicionar t\u00e9rmicamente sus casas.<\/span><\/p>\n<p>&nbsp;<\/p>\n<p><span style=\"font-weight: 400;\">Los Comit\u00e9s de Mejoramiento de la Vivienda que obtuvieron los recursos son Piedra Nevada, Pur\u00edsima, La Amistad de El Trigal y Villa El Sue\u00f1o. La presidenta de este \u00faltimo, Ema Andrade, manifest\u00f3 su alegr\u00eda al enterarse de la adjudicaci\u00f3n de recursos.<\/span><\/p>\n<p>&nbsp;<\/p>\n<p><span style=\"font-weight: 400;\">\u201cEstamos contentos, agradezco la labor del Serviu, de la municipalidad y de la alcaldesa Priscilla Castillo, porque muchas veces me acerqu\u00e9 a ella y jam\u00e1s me dio un no como respuesta, me dec\u00eda que volviera y nos ayud\u00f3 mucho\u201d, dijo emocionada la vecina.<\/span><\/p>\n<p>&nbsp;<\/p>\n<p><span style=\"font-weight: 400;\">Para dar la buena noticia, tambi\u00e9n estuvo presente el Jefe de Gabinete del municipio de Molina, Sebasti\u00e1n Vergara, quien record\u00f3 el compromiso de la administraci\u00f3n de la alcaldesa, Priscilla Castillo, con entregar el buen vivir a los vecinos.<\/span><\/p>\n<p>&nbsp;<\/p>\n<p><span style=\"font-weight: 400;\">\u201cHoy, con mucha felicidad y en representaci\u00f3n de nuestra alcaldesa, otorgamos subsidios de mejoramiento para viviendas. Es un orgullo que los beneficios del Gobierno se noten en nuestra comuna. Adem\u00e1s, se dispuso la creaci\u00f3n de una Entidad de Gesti\u00f3n Inmobiliaria Social (EGIS) Municipal que ir\u00e1 en ayuda de las familias de Molina que lo necesiten\u201d, anunci\u00f3 la autoridad.<\/span><\/p>\n<p>&nbsp;<\/p>\n<p><span style=\"font-weight: 400;\">Cabe destacar que el Serviu har\u00e1 un proceso de revisi\u00f3n del tercer llamado de este a\u00f1o, por lo que en octubre o noviembre deber\u00eda haber buenas nuevas en Molina.<\/span><\/p>\n<p><a href=\"https:\/\/web.molina.cl\/wp-content\/uploads\/2017\/08\/finalCGM_9307.jpg\"><img loading=\"lazy\" decoding=\"async\" class=\"alignnone size-full wp-image-19935\" src=\"https:\/\/web.molina.cl\/wp-content\/uploads\/2017\/08\/finalCGM_9307.jpg\" alt=\"finalCGM_9307\" width=\"900\" height=\"601\"><\/a><\/p>\n<p><a href=\"https:\/\/web.molina.cl\/wp-content\/uploads\/2017\/08\/finalCGM_9291.jpg\"><img loading=\"lazy\" decoding=\"async\" class=\"alignnone size-full wp-image-19934\" src=\"https:\/\/web.molina.cl\/wp-content\/uploads\/2017\/08\/finalCGM_9291.jpg\" alt=\"finalCGM_9291\" width=\"900\" height=\"601\"><\/a><\/p>\n","protected":false},"excerpt":{"rendered":"<p>Una positiva sorpresa recibieron las familias de Molina, quienes llegaron hasta el teatro municipal de la comuna para una reuni\u00f3n en donde se les inform\u00f3 que obtuvieron un subsidio para mejorar sus viviendas. &nbsp; Se trata del Programa de Protecci\u00f3n del Patrimonio Familiar, el cual permite que desde el Servicio de Vivienda y Urbanismo (Serviu), [&hellip;]<\/p>\n","protected":false},"author":1,"featured_media":19935,"comment_status":"open","ping_status":"open","sticky":false,"template":"","format":"standard","meta":{"footnotes":""},"categories":[3,4,9],"tags":[1454,50,51,1455],"_links":{"self":[{"href":"https:\/\/web.molina.cl\/index.php?rest_route=\/wp\/v2\/posts\/19933"}],"collection":[{"href":"https:\/\/web.molina.cl\/index.php?rest_route=\/wp\/v2\/posts"}],"about":[{"href":"https:\/\/web.molina.cl\/index.php?rest_route=\/wp\/v2\/types\/post"}],"author":[{"embeddable":true,"href":"https:\/\/web.molina.cl\/index.php?rest_route=\/wp\/v2\/users\/1"}],"replies":[{"embeddable":true,"href":"https:\/\/web.molina.cl\/index.php?rest_route=%2Fwp%2Fv2%2Fcomments&post=19933"}],"version-history":[{"count":1,"href":"https:\/\/web.molina.cl\/index.php?rest_route=\/wp\/v2\/posts\/19933\/revisions"}],"predecessor-version":[{"id":42329,"href":"https:\/\/web.molina.cl\/index.php?rest_route=\/wp\/v2\/posts\/19933\/revisions\/42329"}],"wp:featuredmedia":[{"embeddable":true,"href":"https:\/\/web.molina.cl\/index.php?rest_route=\/"}],"wp:attachment":[{"href":"https:\/\/web.molina.cl\/index.php?rest_route=%2Fwp%2Fv2%2Fmedia&parent=19933"}],"wp:term":[{"taxonomy":"category","embeddable":true,"href":"https:\/\/web.molina.cl\/index.php?rest_route=%2Fwp%2Fv2%2Fcategories&post=19933"},{"taxonomy":"post_tag","embeddable":true,"href":"https:\/\/web.molina.cl\/index.php?rest_route=%2Fwp%2Fv2%2Ftags&post=19933"}],"curies":[{"name":"wp","href":"https:\/\/api.w.org\/{rel}","templated":true}]}}