{"id":19413,"date":"2017-08-09T16:36:58","date_gmt":"2017-08-09T19:36:58","guid":{"rendered":"http:\/\/web.molina.cl\/?p=19413"},"modified":"2020-11-24T08:42:49","modified_gmt":"2020-11-24T12:42:49","slug":"la-cultura-de-molina-recibe-un-espaldarazo-del-gobierno-regional","status":"publish","type":"post","link":"https:\/\/web.molina.cl\/?p=19413","title":{"rendered":"La cultura de Molina recibe un espaldarazo del Gobierno Regional"},"content":{"rendered":"<p>Las expresiones art\u00edsticas elevan la calidad de vida de las personas y por eso, desde el Gobierno Regional del Maule entregaron un importante incentivo a las agrupaciones culturales de Molina.<\/p>\n<p>&nbsp;<\/p>\n<p>En una ceremonia efectuada en Curic\u00f3, las entidades apoyadas por la Corporaci\u00f3n Municipal de Cultura de Molina pudieron recibir un cheque que les permitir\u00e1 obtener recursos frescos para continuar con sus importantes labores hacia la comunidad.<\/p>\n<p>&nbsp;<\/p>\n<p>Las cinco organizaciones beneficiadas corresponden al coro \u201cCantar es Vivir\u201d, el conjunto de danza \u201cWe Purun\u201d, el Centro de Madres Las Camelias de Itahue, el centro cultural \u201cRa\u00edces de mi Pueblo\u201d y la Junta de Vecinos Villa Regi\u00f3n del Maule.<\/p>\n<p>&nbsp;<\/p>\n<p>En la oportunidad, la alcaldesa de nuestra comuna, Priscilla Castillo, expres\u00f3 que \u201cnos sentimos muy contentos de que los grupos de nuestra comuna obtengan estos fondos que les permitir\u00e1n financiar las distintas actividades que realizar\u00e1n en Molina. Los felicitamos y damos las gracias tambi\u00e9n al Consejo Regional por poder destinar estos recursos que van en directo beneficio de las agrupaciones culturales que tenemos\u201d.<\/p>\n<p>&nbsp;<\/p>\n<p>Tras recibir el documento, el presidente del coro \u201cCantar es Vivir\u201d, Eduardo Moreira, quiso expresar su \u201cagradecimiento al Gobierno de Chile y a los Consejeros Regionales, quienes aprobaron estos recursos por segunda vez y en esta oportunidad lo logramos con mucha alegr\u00eda. Afortunadamente, a trav\u00e9s de este aporte, podremos adquirir instrumentos y uniformes para las damas, lo que nos da aliento para seguir trabajando en la cultura y entregar alegr\u00eda a nuestros adultos mayores\u201d.<\/p>\n<p>&nbsp;<\/p>\n<p>Por su parte, el Consejero Regional, Manuel Am\u00e9stica, asegur\u00f3 que \u201ceste 2017 Molina ha sido una comuna muy destacada, teniendo m\u00e1s de 26 proyectos en deportes, junto a una cantidad importante en cultura ahora y falta todav\u00eda en seguridad ciudadana\u201d.<\/p>\n<p>&nbsp;<\/p>\n<p>La autoridad agreg\u00f3 que \u201cen Molina debe sentirse muy orgullosos y contentos tanto de sus dirigentes como de su alcaldesa, que trabaja muy de cerca con estas organizaciones\u201d.<\/p>\n\n<p>&nbsp;<\/p>\n","protected":false},"excerpt":{"rendered":"<p>Las expresiones art\u00edsticas elevan la calidad de vida de las personas y por eso, desde el Gobierno Regional del Maule entregaron un importante incentivo a las agrupaciones culturales de Molina. &nbsp; En una ceremonia efectuada en Curic\u00f3, las entidades apoyadas por la Corporaci\u00f3n Municipal de Cultura de Molina pudieron recibir un cheque que les permitir\u00e1 [&hellip;]<\/p>\n","protected":false},"author":1,"featured_media":19424,"comment_status":"open","ping_status":"open","sticky":false,"template":"","format":"standard","meta":{"footnotes":""},"categories":[80,2,3,4],"tags":[43,2358,537,1494],"_links":{"self":[{"href":"https:\/\/web.molina.cl\/index.php?rest_route=\/wp\/v2\/posts\/19413"}],"collection":[{"href":"https:\/\/web.molina.cl\/index.php?rest_route=\/wp\/v2\/posts"}],"about":[{"href":"https:\/\/web.molina.cl\/index.php?rest_route=\/wp\/v2\/types\/post"}],"author":[{"embeddable":true,"href":"https:\/\/web.molina.cl\/index.php?rest_route=\/wp\/v2\/users\/1"}],"replies":[{"embeddable":true,"href":"https:\/\/web.molina.cl\/index.php?rest_route=%2Fwp%2Fv2%2Fcomments&post=19413"}],"version-history":[{"count":1,"href":"https:\/\/web.molina.cl\/index.php?rest_route=\/wp\/v2\/posts\/19413\/revisions"}],"predecessor-version":[{"id":42340,"href":"https:\/\/web.molina.cl\/index.php?rest_route=\/wp\/v2\/posts\/19413\/revisions\/42340"}],"wp:featuredmedia":[{"embeddable":true,"href":"https:\/\/web.molina.cl\/index.php?rest_route=\/"}],"wp:attachment":[{"href":"https:\/\/web.molina.cl\/index.php?rest_route=%2Fwp%2Fv2%2Fmedia&parent=19413"}],"wp:term":[{"taxonomy":"category","embeddable":true,"href":"https:\/\/web.molina.cl\/index.php?rest_route=%2Fwp%2Fv2%2Fcategories&post=19413"},{"taxonomy":"post_tag","embeddable":true,"href":"https:\/\/web.molina.cl\/index.php?rest_route=%2Fwp%2Fv2%2Ftags&post=19413"}],"curies":[{"name":"wp","href":"https:\/\/api.w.org\/{rel}","templated":true}]}}