{"id":18520,"date":"2017-06-15T17:13:32","date_gmt":"2017-06-15T20:13:32","guid":{"rendered":"http:\/\/web.molina.cl\/?p=18520"},"modified":"2020-11-24T08:56:16","modified_gmt":"2020-11-24T12:56:16","slug":"obra-de-teatro-removio-conciencias-de-jovenes-ante-el-consumo-de-droga","status":"publish","type":"post","link":"https:\/\/web.molina.cl\/?p=18520","title":{"rendered":"Obra de teatro removi\u00f3 conciencias de j\u00f3venes ante el consumo de droga"},"content":{"rendered":"<p style=\"text-align: justify;\">Con la participaci\u00f3n de un centenar de estudiantes de diversos niveles de la comuna de Molina, se realiz\u00f3 en el teatro municipal la presentaci\u00f3n de la obra \u201cEl Final Es Donde Part\u00ed\u201d, un montaje que tiene como iniciativa prevenir el consumo de drogas a trav\u00e9s de una expresi\u00f3n art\u00edstica cultural.<\/p>\n<p style=\"text-align: justify;\"><!--more--><\/p>\n<p style=\"text-align: justify;\">La obra cuenta la historia de Alicia, una joven devastada por las drogas y embarazada, quien en un alterado estado de abstinencia por este motivo, busca desesperadamente los elementos para una dosis m\u00e1s, una dosis que culmine con la confusi\u00f3n que invade su cabeza.<\/p>\n<p style=\"text-align: justify;\">La obra, que cont\u00f3 con el apoyo de la Corporaci\u00f3n Cultural de Molina y Senda Previene Molina para su realizaci\u00f3n, logr\u00f3 la empat\u00eda y mantuvo la atenci\u00f3n de los estudiantes debido al delicado tema del consumo de drogas en los j\u00f3venes, &nbsp;una realidad muchas veces oculta en la sociedad.<\/p>\n<p style=\"text-align: justify;\"><strong>CRUDA REALIDAD<\/strong><\/p>\n<p style=\"text-align: justify;\">\u201cLa obra de teatro muestra la cruda realidad del consumo problem\u00e1tico de dogas. Nosotros como senda aprovechamos la oportunidad para entregar mensajes preventivos del consumo de drogas para que nuestros j\u00f3venes tomen conciencia de los da\u00f1os que genera en ellos el consumo de drogas y alcohol\u201d dijo Valesca Retamal, coordinadora comunal de Senda Molina.<\/p>\n<p style=\"text-align: justify;\">Agreg\u00f3 que \u201cla obra fue un fiel reflejo de las &nbsp;consecuencias que deja el consumo problem\u00e1tico de drogas. Tiene un final tr\u00e1gico que por supuesto produjo un silencio en el auditorio, esta realidad fue muy impactante para ellos\u201d finaliz\u00f3 la coordinadora comunal de Senda Molina.<\/p>\n\n","protected":false},"excerpt":{"rendered":"<p>Con la participaci\u00f3n de un centenar de estudiantes de diversos niveles de la comuna de Molina, se realiz\u00f3 en el teatro municipal la presentaci\u00f3n de la obra \u201cEl Final Es Donde Part\u00ed\u201d, un montaje que tiene como iniciativa prevenir el consumo de drogas a trav\u00e9s de una expresi\u00f3n art\u00edstica cultural.<\/p>\n","protected":false},"author":1,"featured_media":18521,"comment_status":"open","ping_status":"open","sticky":false,"template":"","format":"standard","meta":{"footnotes":""},"categories":[2,3,4],"tags":[2367,166,2368],"_links":{"self":[{"href":"https:\/\/web.molina.cl\/index.php?rest_route=\/wp\/v2\/posts\/18520"}],"collection":[{"href":"https:\/\/web.molina.cl\/index.php?rest_route=\/wp\/v2\/posts"}],"about":[{"href":"https:\/\/web.molina.cl\/index.php?rest_route=\/wp\/v2\/types\/post"}],"author":[{"embeddable":true,"href":"https:\/\/web.molina.cl\/index.php?rest_route=\/wp\/v2\/users\/1"}],"replies":[{"embeddable":true,"href":"https:\/\/web.molina.cl\/index.php?rest_route=%2Fwp%2Fv2%2Fcomments&post=18520"}],"version-history":[{"count":1,"href":"https:\/\/web.molina.cl\/index.php?rest_route=\/wp\/v2\/posts\/18520\/revisions"}],"predecessor-version":[{"id":42364,"href":"https:\/\/web.molina.cl\/index.php?rest_route=\/wp\/v2\/posts\/18520\/revisions\/42364"}],"wp:featuredmedia":[{"embeddable":true,"href":"https:\/\/web.molina.cl\/index.php?rest_route=\/"}],"wp:attachment":[{"href":"https:\/\/web.molina.cl\/index.php?rest_route=%2Fwp%2Fv2%2Fmedia&parent=18520"}],"wp:term":[{"taxonomy":"category","embeddable":true,"href":"https:\/\/web.molina.cl\/index.php?rest_route=%2Fwp%2Fv2%2Fcategories&post=18520"},{"taxonomy":"post_tag","embeddable":true,"href":"https:\/\/web.molina.cl\/index.php?rest_route=%2Fwp%2Fv2%2Ftags&post=18520"}],"curies":[{"name":"wp","href":"https:\/\/api.w.org\/{rel}","templated":true}]}}