{"id":18368,"date":"2017-06-14T14:17:18","date_gmt":"2017-06-14T17:17:18","guid":{"rendered":"http:\/\/web.molina.cl\/?p=18368"},"modified":"2020-11-24T08:56:18","modified_gmt":"2020-11-24T12:56:18","slug":"tras-17-anos-vecinos-de-la-poblacion-manuel-rodriguez-reciben-sede-social","status":"publish","type":"post","link":"https:\/\/web.molina.cl\/?p=18368","title":{"rendered":"Tras 17 a\u00f1os vecinos de la Poblaci\u00f3n Manuel Rodriguez reciben sede social"},"content":{"rendered":"<p style=\"text-align: justify;\">M\u00e1s de 17 a\u00f1os debieron esperar los vecinos de la Poblaci\u00f3n Manuel Rodr\u00edguez de Molina para conseguir su moderna sede social<\/p>\n<p style=\"text-align: justify;\"><!--more--><\/p>\n<p style=\"text-align: justify;\">Desde hoy y gracias a las gestiones de la alcaldesa Priscilla Castillo, los vecinos dejar\u00e1n de andar de casa en casa realizando sus reuniones, para ahora juntarse en la nueva sede que cuenta con todas las comodidades.<\/p>\n<p style=\"text-align: justify;\">Uno de los grupos favorecidos es el club de adulto mayor&nbsp; Nuevo Despertar, hoy con 20 miembros es uno de los grupos que agradeci\u00f3 el regalo entregado por la municipalidad.<\/p>\n<p style=\"text-align: justify;\">Tal como este, ser\u00e1n otros grupos los que tambi\u00e9n aprovechar\u00e1n la nueva sede, que se transforma nuevamente&nbsp; en un sue\u00f1o hecho realidad por la actual administraci\u00f3n municipal.<\/p>\n\n<p style=\"text-align: justify;\"><a href=\"https:\/\/web.molina.cl\/wp-content\/uploads\/2017\/06\/finalfoto21.jpg\"><img loading=\"lazy\" decoding=\"async\" class=\"alignnone size-full wp-image-18494\" src=\"https:\/\/web.molina.cl\/wp-content\/uploads\/2017\/06\/finalfoto21.jpg\" alt=\"finalfoto2\" width=\"1080\" height=\"715\"><\/a><\/p>\n<div class=\"fb-video\" data-href=\"https:\/\/www.facebook.com\/municipalidadmolina\/videos\/778178612362556\/\" data-width=\"1000\" data-show-text=\"true\">\n<blockquote class=\"fb-xfbml-parse-ignore\" cite=\"https:\/\/www.facebook.com\/municipalidadmolina\/videos\/778178612362556\/\"><p><a href=\"https:\/\/www.facebook.com\/municipalidadmolina\/videos\/778178612362556\/\">Sede Social Poblaci\u00f3n Manuel Rodriguez<\/a>[VIDEO]<\/p>\n<p>Tras 17 a\u00f1os vecinos de la Poblaci\u00f3n Manuel Rodriguez reciben sede social.<\/p>\n<p>Posted by <a href=\"https:\/\/www.facebook.com\/municipalidadmolina\/\">Municipalidad de Molina<\/a> on mi\u00e9rcoles, 14 de junio de 2017<\/p><\/blockquote>\n<\/div>\n","protected":false},"excerpt":{"rendered":"<p>M\u00e1s de 17 a\u00f1os debieron esperar los vecinos de la Poblaci\u00f3n Manuel Rodr\u00edguez de Molina para conseguir su moderna sede social<\/p>\n","protected":false},"author":1,"featured_media":18517,"comment_status":"open","ping_status":"open","sticky":false,"template":"","format":"standard","meta":{"footnotes":""},"categories":[80,3,4,6],"tags":[2362,2363,2364,2365,2366],"_links":{"self":[{"href":"https:\/\/web.molina.cl\/index.php?rest_route=\/wp\/v2\/posts\/18368"}],"collection":[{"href":"https:\/\/web.molina.cl\/index.php?rest_route=\/wp\/v2\/posts"}],"about":[{"href":"https:\/\/web.molina.cl\/index.php?rest_route=\/wp\/v2\/types\/post"}],"author":[{"embeddable":true,"href":"https:\/\/web.molina.cl\/index.php?rest_route=\/wp\/v2\/users\/1"}],"replies":[{"embeddable":true,"href":"https:\/\/web.molina.cl\/index.php?rest_route=%2Fwp%2Fv2%2Fcomments&post=18368"}],"version-history":[{"count":1,"href":"https:\/\/web.molina.cl\/index.php?rest_route=\/wp\/v2\/posts\/18368\/revisions"}],"predecessor-version":[{"id":42365,"href":"https:\/\/web.molina.cl\/index.php?rest_route=\/wp\/v2\/posts\/18368\/revisions\/42365"}],"wp:featuredmedia":[{"embeddable":true,"href":"https:\/\/web.molina.cl\/index.php?rest_route=\/"}],"wp:attachment":[{"href":"https:\/\/web.molina.cl\/index.php?rest_route=%2Fwp%2Fv2%2Fmedia&parent=18368"}],"wp:term":[{"taxonomy":"category","embeddable":true,"href":"https:\/\/web.molina.cl\/index.php?rest_route=%2Fwp%2Fv2%2Fcategories&post=18368"},{"taxonomy":"post_tag","embeddable":true,"href":"https:\/\/web.molina.cl\/index.php?rest_route=%2Fwp%2Fv2%2Ftags&post=18368"}],"curies":[{"name":"wp","href":"https:\/\/api.w.org\/{rel}","templated":true}]}}